{"id":134662,"date":"2026-01-13T17:53:11","date_gmt":"2026-01-13T17:53:11","guid":{"rendered":"https:\/\/www.europesays.com\/se\/134662\/"},"modified":"2026-01-13T17:53:11","modified_gmt":"2026-01-13T17:53:11","slug":"gronlands-regeringschef-nobbar-trump-inte-till-salu","status":"publish","type":"post","link":"https:\/\/www.europesays.com\/se\/134662\/","title":{"rendered":"Gr\u00f6nlands regeringschef nobbar Trump: \u201dInte till salu\u201d"},"content":{"rendered":"<p>\u201dVi vill g\u00e4rna ha en dialog. Vi s\u00f6ker inte konflikt\u201d, s\u00e4ger hon och till\u00e4gger att situationen \u00e4r st\u00f6rre \u00e4n fr\u00e5gan om Gr\u00f6nland.\u00a0<\/p>\n<p>\u201dDet handlar om att man inte ska kunna \u00e4ndra gr\u00e4nser med makt\u201d\u00a0<\/p>\n<p><strong>Gr\u00f6nlands regeringschef<\/strong> Jens-Frederik Nielsen har tidigare sagt att gr\u00f6nl\u00e4ndare varken vill vara danskar eller amerikanare utan gr\u00f6nl\u00e4ndare.\u00a0<\/p>\n<p>Den st\u00e5ndpunkten \u00e5terupprepar han.\u00a0<\/p>\n<p>\u201dGr\u00f6nland \u00e4r inte till salu. Gr\u00f6nland \u00e4r en del av Konungariket (Danmark). Situationen \u00e4r mycket, mycket allvarlig\u201d, s\u00e4ger han.<\/p>\n<p>Om de skulle bli tvungna att v\u00e4lja mellan Danmark och USA s\u00e4ger Nielsen att de skulle v\u00e4lja Danmark.\u00a0<\/p>\n<p>\u201dVi v\u00e4ljer Danmark och Nato\u201d, s\u00e4ger han.\u00a0<\/p>\n","protected":false},"excerpt":{"rendered":"\u201dVi vill g\u00e4rna ha en dialog. Vi s\u00f6ker inte konflikt\u201d, s\u00e4ger hon och till\u00e4gger att situationen \u00e4r st\u00f6rre&hellip;\n","protected":false},"author":2,"featured_media":134663,"comment_status":"","ping_status":"","sticky":false,"template":"","format":"standard","meta":{"footnotes":""},"categories":[5],"tags":[22,23,26,27,17,21,24,25,28,29,15,16,18,34,31,33,32,30,19,20],"class_list":{"0":"post-134662","1":"post","2":"type-post","3":"status-publish","4":"format-standard","5":"has-post-thumbnail","7":"category-rubriker","8":"tag-breaking-news","9":"tag-breakingnews","10":"tag-featured-news","11":"tag-featurednews","12":"tag-headlines","13":"tag-huvudnyheter","14":"tag-latest-news","15":"tag-latestnews","16":"tag-main-news","17":"tag-mainnews","18":"tag-news","19":"tag-nyheter","20":"tag-rubriker","21":"tag-se","22":"tag-svenska","23":"tag-sverige","24":"tag-sweden","25":"tag-swedish","26":"tag-top-stories","27":"tag-topstories"},"share_on_mastodon":{"url":"https:\/\/pubeurope.com\/@se\/115889071873524033","error":""},"_links":{"self":[{"href":"https:\/\/www.europesays.com\/se\/wp-json\/wp\/v2\/posts\/134662","targetHints":{"allow":["GET"]}}],"collection":[{"href":"https:\/\/www.europesays.com\/se\/wp-json\/wp\/v2\/posts"}],"about":[{"href":"https:\/\/www.europesays.com\/se\/wp-json\/wp\/v2\/types\/post"}],"author":[{"embeddable":true,"href":"https:\/\/www.europesays.com\/se\/wp-json\/wp\/v2\/users\/2"}],"replies":[{"embeddable":true,"href":"https:\/\/www.europesays.com\/se\/wp-json\/wp\/v2\/comments?post=134662"}],"version-history":[{"count":0,"href":"https:\/\/www.europesays.com\/se\/wp-json\/wp\/v2\/posts\/134662\/revisions"}],"wp:featuredmedia":[{"embeddable":true,"href":"https:\/\/www.europesays.com\/se\/wp-json\/wp\/v2\/media\/134663"}],"wp:attachment":[{"href":"https:\/\/www.europesays.com\/se\/wp-json\/wp\/v2\/media?parent=134662"}],"wp:term":[{"taxonomy":"category","embeddable":true,"href":"https:\/\/www.europesays.com\/se\/wp-json\/wp\/v2\/categories?post=134662"},{"taxonomy":"post_tag","embeddable":true,"href":"https:\/\/www.europesays.com\/se\/wp-json\/wp\/v2\/tags?post=134662"}],"curies":[{"name":"wp","href":"https:\/\/api.w.org\/{rel}","templated":true}]}}