{"id":134670,"date":"2026-01-13T18:00:10","date_gmt":"2026-01-13T18:00:10","guid":{"rendered":"https:\/\/www.europesays.com\/se\/134670\/"},"modified":"2026-01-13T18:00:10","modified_gmt":"2026-01-13T18:00:10","slug":"jack-10-bad-om-stadhjalp-av-kungen-fick-svar","status":"publish","type":"post","link":"https:\/\/www.europesays.com\/se\/134670\/","title":{"rendered":"Jack, 10, bad om st\u00e4dhj\u00e4lp av kungen \u2013 fick svar"},"content":{"rendered":"<p><a data-test-tag=\"internal-link\" href=\"https:\/\/www.aftonbladet.se\/av\/agnes-ericson\" class=\"hyperion-css-13ns1rr\" rel=\"nofollow noopener\" target=\"\" aria-label=\"Se alla artiklar av Agn\u00e8s Ericson\"><img decoding=\"async\" class=\"image-asset hyperion-css-n6kkq1\" data-test-tag=\"image-asset\" src=\"https:\/\/www.europesays.com\/se\/wp-content\/uploads\/2026\/01\/1768327207_497_40e63808-cfdf-4edd-a8ec-9c54637d26da.jpeg\"  alt=\"\"  loading=\"lazy\" fetchpriority=\"auto\" style=\"aspect-ratio:1900 \/ 1900\"\/><\/a>share-arrowDela<\/p>\n<p>unsaveSpara<\/p>\n<p>expand-left<\/p>\n<p>helsk\u00e4rm<img decoding=\"async\" class=\"image-asset hyperion-css-u06ts1\" data-test-tag=\"image-asset\" src=\"https:\/\/www.europesays.com\/se\/wp-content\/uploads\/2026\/01\/96b7bafa-50cd-4c93-be6a-987a34c8be94.jpeg\"  alt=\"\"  loading=\"eager\" fetchpriority=\"high\" style=\"aspect-ratio:736 \/ 825\"\/> Foto: Privat <\/p>\n<p class=\"hyperion-css-1shl3oz\" data-test-tag=\"lead-text\">Jack Viktorsson 10, var tr\u00f6tt p\u00e5 att st\u00e4da sitt rum. <\/p>\n<p class=\"hyperion-css-1shl3oz\" data-test-tag=\"lead-text\">D\u00e5 bad han kungen om hj\u00e4lp.<\/p>\n<p class=\"hyperion-css-1shl3oz\" data-test-tag=\"lead-text\">\u2013 Vi trodde v\u00e4l kanske inte riktigt att han skulle f\u00e5 ett svar, s\u00e4ger mamman Cathrin. <\/p>\n<p class=\"hyperion-css-1v9qo5x\">I slutet av v\u00e5rterminen 2025 kom Jack Viktorsson i Rottne utanf\u00f6r <a data-test-tag=\"internal-link\" href=\"https:\/\/www.aftonbladet.se\/lokala-nyheter\/vaxjo\" class=\"hyperion-css-15jkft9\" rel=\"nofollow noopener\" target=\"\" aria-label=\"V\u00e4xj\u00f6\">V\u00e4xj\u00f6<\/a> p\u00e5 en briljant id\u00e9. <\/p>\n<p class=\"hyperion-css-1v9qo5x\">Han var tr\u00f6tt p\u00e5 att st\u00e4da sitt st\u00f6kiga rum och kom p\u00e5 en person som kunde hj\u00e4lpa honom att slippa den tr\u00e5kiga sysslan: Kung Carl Gustaf. <\/p>\n<p class=\"hyperion-css-1v9qo5x\">Han best\u00e4mde sig d\u00e4rf\u00f6r f\u00f6r att skriva ett brev till kungen, som l\u00f6d: <\/p>\n<p class=\"hyperion-css-1v9qo5x\">\u201dHej kungen. Jag heter Jack Viktorsson. Mamma Cathrin och min pappa Fredde vill att jag ska st\u00e4da p\u00e5 mitt rum. Och ett litet barn vill leka, inte st\u00e4da. S\u00e5 jag beh\u00f6ver dina tj\u00e4nstem\u00e4n f\u00f6r att st\u00e4da p\u00e5 mitt rum. H\u00e4lsningar Jack\u201d. <\/p>\n<p>expand-left<\/p>\n<p>helsk\u00e4rm<img decoding=\"async\" class=\"image-asset hyperion-css-u06ts1\" data-test-tag=\"image-asset\" src=\"https:\/\/www.europesays.com\/se\/wp-content\/uploads\/2026\/01\/6ed50547-d765-45b8-8897-2eb9c7da9d39.jpeg\"  alt=\"S\u00e5 h\u00e4r s\u00e5g brevet ut. \"  loading=\"eager\" fetchpriority=\"high\" style=\"aspect-ratio:423 \/ 564\"\/>S\u00e5 h\u00e4r s\u00e5g brevet ut. Foto: Privat <\/p>\n<p class=\"hyperion-css-1v9qo5x\">Hans l\u00e4rare la sedan brevet p\u00e5 posten.  <\/p>\n<p class=\"hyperion-css-1v9qo5x\">Sommaren blev till h\u00f6st och i januari i \u00e5r, n\u00e4r eleverna var tillbaka i skolan efter den l\u00e5nga julledigheten, v\u00e4ntade ett brev p\u00e5 Jack. <\/p>\n<p>Svaret: \u201dHej Jack\u201d <\/p>\n<p class=\"hyperion-css-1v9qo5x\">Avs\u00e4ndaren var Kungliga Hovstaterna.<\/p>\n<p class=\"hyperion-css-1v9qo5x\">\u201dHej Jack. P\u00e5 Hans Majest\u00e4t Konungens uppdrag vill jag tacka f\u00f6r ditt brev. Kungen har dessv\u00e4rre ingen m\u00f6jlighet att skicka hem n\u00e5gon till dig f\u00f6r att st\u00e4da ditt rum. Men jag hoppas att du och dina f\u00f6r\u00e4ldrar \u00e4nd\u00e5 kan komma \u00f6verens om st\u00e4dningen\u201d, skrev hovsekreteraren Anita S\u00f6derlind i brevet. <\/p>\n<p>expand-left<\/p>\n<p>helsk\u00e4rm<img decoding=\"async\" class=\"image-asset hyperion-css-u06ts1\" data-test-tag=\"image-asset\" src=\"https:\/\/www.europesays.com\/se\/wp-content\/uploads\/2026\/01\/6723c107-ce97-4190-9ba2-4f4b35f801ec.jpeg\"  alt=\"Hovets svar\"  loading=\"eager\" fetchpriority=\"high\" style=\"aspect-ratio:1200 \/ 1600\"\/>Hovets svar Foto: Privat<\/p>\n<p class=\"hyperion-css-1v9qo5x\">F\u00f6r\u00e4ldrarna trodde inte att han skulle f\u00e5 ett svar. Jack var inte lika f\u00f6rv\u00e5nad. <\/p>\n<p class=\"hyperion-css-1v9qo5x\">\u2013 Han blev kanske inte j\u00e4ttechockad. Barn t\u00e4nker att det \u00e4r klart att kungen kan svara vem som helst, s\u00e4ger mamman Cathrin Viktorsson som ocks\u00e5 har ber\u00e4ttat om brevv\u00e4xlingen f\u00f6r <a aria-label=\"TV4\" class=\"default hyperion-css-15jkft9\" href=\"https:\/\/www.tv4.se\/artikel\/7szS1w5lWnkbmVwTtxCSlC\/jack-10-ville-inte-staeda-skrev-brev-till-kungen-och-fick-svar\" rel=\"noopener nofollow noreferrer\" data-test-tag=\"external-link\" target=\"_blank\">TV4<\/a>. <\/p>\n<p class=\"hyperion-css-1v9qo5x\">Alla klasskompisar tyckte det var var s\u00e5 h\u00e4ftigt att kungen svarade p\u00e5 hans fr\u00e5ga. Det tyckte \u00e4ven f\u00f6r\u00e4ldrarna. <\/p>\n<p>Tar fasta p\u00e5 r\u00e5den <\/p>\n<p class=\"hyperion-css-1v9qo5x\">\u2013 Det var v\u00e4ldigt fint att de hade l\u00e4st brevet och svarat p\u00e5 det som han hade skrivit. Jag tycker \u00e4nd\u00e5 det var uppfinningsrikt av honom att kungen har s\u00e5 m\u00e5nga som jobbar f\u00f6r honom att han kunde dela med sig lite d\u00e4r, s\u00e4ger Cathrin. <\/p>\n<p class=\"hyperion-css-1v9qo5x\">Mamman s\u00e4ger att hon \u00e4r n\u00f6jd med kungens svar g\u00e4llande st\u00e4dningen. <\/p>\n<p class=\"hyperion-css-1v9qo5x\">\u2013 Det tar vi fasta p\u00e5 nu. <\/p>\n<p class=\"hyperion-css-1v9qo5x\"><strong>\u00c4r ni \u00f6verens nu d\u00e5?<\/strong><\/p>\n<p class=\"hyperion-css-1v9qo5x\">\u2013 Han gnisslar lite med t\u00e4nderna n\u00e4r jag ber honom g\u00e5 och och st\u00e4da rummet. Men d\u00e5 s\u00e4ger vi \u2019du vet ju vad kungen har sagt\u2019. D\u00e5 kan han g\u00e5 in och st\u00e4da. <\/p>\n<p class=\"hyperion-css-1v9qo5x\"><strong>S\u00e5 du anv\u00e4nder det mot honom i\u00a0st\u00e4llet? <\/strong><\/p>\n<p class=\"hyperion-css-1v9qo5x\">\u2013 Ja, men lite s\u00e5 kan man v\u00e4l s\u00e4ga, s\u00e4ger hon och skrattar. <\/p>\n<p><img decoding=\"async\" src=\"https:\/\/www.europesays.com\/se\/wp-content\/uploads\/2025\/09\/4221b9c07f054710beb6b6ea43a3f265.jpg\" class=\"thumbnail-image_fbfd\" alt=\"Fr\u00e5geavsnitt 27\"\/><\/p>\n","protected":false},"excerpt":{"rendered":"share-arrowDela unsaveSpara expand-left helsk\u00e4rm Foto: Privat Jack Viktorsson 10, var tr\u00f6tt p\u00e5 att st\u00e4da sitt rum. D\u00e5 bad&hellip;\n","protected":false},"author":2,"featured_media":134671,"comment_status":"","ping_status":"","sticky":false,"template":"","format":"standard","meta":{"footnotes":""},"categories":[12],"tags":[22,23,26,27,17,21,24,25,28,29,15,16,18,34,31,33,32,30,19,20],"class_list":{"0":"post-134670","1":"post","2":"type-post","3":"status-publish","4":"format-standard","5":"has-post-thumbnail","7":"category-sverige","8":"tag-breaking-news","9":"tag-breakingnews","10":"tag-featured-news","11":"tag-featurednews","12":"tag-headlines","13":"tag-huvudnyheter","14":"tag-latest-news","15":"tag-latestnews","16":"tag-main-news","17":"tag-mainnews","18":"tag-news","19":"tag-nyheter","20":"tag-rubriker","21":"tag-se","22":"tag-svenska","23":"tag-sverige","24":"tag-sweden","25":"tag-swedish","26":"tag-top-stories","27":"tag-topstories"},"share_on_mastodon":{"url":"https:\/\/pubeurope.com\/@se\/115889099475527852","error":""},"_links":{"self":[{"href":"https:\/\/www.europesays.com\/se\/wp-json\/wp\/v2\/posts\/134670","targetHints":{"allow":["GET"]}}],"collection":[{"href":"https:\/\/www.europesays.com\/se\/wp-json\/wp\/v2\/posts"}],"about":[{"href":"https:\/\/www.europesays.com\/se\/wp-json\/wp\/v2\/types\/post"}],"author":[{"embeddable":true,"href":"https:\/\/www.europesays.com\/se\/wp-json\/wp\/v2\/users\/2"}],"replies":[{"embeddable":true,"href":"https:\/\/www.europesays.com\/se\/wp-json\/wp\/v2\/comments?post=134670"}],"version-history":[{"count":0,"href":"https:\/\/www.europesays.com\/se\/wp-json\/wp\/v2\/posts\/134670\/revisions"}],"wp:featuredmedia":[{"embeddable":true,"href":"https:\/\/www.europesays.com\/se\/wp-json\/wp\/v2\/media\/134671"}],"wp:attachment":[{"href":"https:\/\/www.europesays.com\/se\/wp-json\/wp\/v2\/media?parent=134670"}],"wp:term":[{"taxonomy":"category","embeddable":true,"href":"https:\/\/www.europesays.com\/se\/wp-json\/wp\/v2\/categories?post=134670"},{"taxonomy":"post_tag","embeddable":true,"href":"https:\/\/www.europesays.com\/se\/wp-json\/wp\/v2\/tags?post=134670"}],"curies":[{"name":"wp","href":"https:\/\/api.w.org\/{rel}","templated":true}]}}