{"id":134676,"date":"2026-01-13T18:07:11","date_gmt":"2026-01-13T18:07:11","guid":{"rendered":"https:\/\/www.europesays.com\/se\/134676\/"},"modified":"2026-01-13T18:07:11","modified_gmt":"2026-01-13T18:07:11","slug":"trump-strafftullar-for-handel-med-iran","status":"publish","type":"post","link":"https:\/\/www.europesays.com\/se\/134676\/","title":{"rendered":"Trump: Strafftullar f\u00f6r handel med Iran"},"content":{"rendered":"<p>\t\t\t\t<img decoding=\"async\" class=\"figure-img img-fluid\"  src=\"https:\/\/www.europesays.com\/se\/wp-content\/uploads\/2026\/01\/1768327631_214_bilder.tn.se.jpeg\" alt=\"\" itemprop=\"image\"\/><\/p>\n<p>\t\t\t\t\t\t\t\t\tUSA:s president Donald Trump om bord flygplanet Air Force One p\u00e5 s\u00f6ndagen.<br \/>\n\t\t\t\t\t\t\t\t\t\t\t\t\tBild:<br \/>\n\t\t\t\t\tJulia Demaree Nikhinson\/AP\/TT<\/p>\n<p>\n\t\tPublicerad:<br \/>\n\t\t13 jan 2026, 08:15\n\t<\/p>\n<p>\n\t\t\tUppdaterad:<br \/>\n\t\t\t13 jan 2026, 09:32\n\t\t<\/p>\n<p>Ekonomi (TT)<\/p>\n<p class=\"ew-preamble\" itemprop=\"description\">Med omedelbar verkan l\u00e4ggs strafftullar p\u00e5 25 procent f\u00f6r alla l\u00e4nder som handlar med Iran.<\/p>\n<p class=\"ew-body\">Det uppger USA:s president Donald Trump p\u00e5 Truth Social.<\/p>\n<p class=\"ew-body\">&#8221;Denna order \u00e4r definitivt slutgiltig&#8221;, skriver han.<\/p>\n<p class=\"ew-body\">Bland Irans st\u00f6rsta handelspartners finns Kina,  Turkiet och F\u00f6renade arabemiraten, enligt AFP.<\/p>\n<p class=\"ew-body\">Beskedet om tullar kommer samtidigt som Trump uppges \u00f6verv\u00e4ga hur USA kan och ska straffa Iran efter att de regeringskritiska demonstrationerna blodigt slagits ned.<\/p>\n<p class=\"ew-body\">\u2013 Flyganfall skulle vara ett av m\u00e5nga, m\u00e5nga alternativ som \u00f6verv\u00e4gs, s\u00e4ger Vita husets pressekreterare Karolina Leavitt.<\/p>\n<p>\n\t\tPublicerad:<br \/>\n\t\t13 jan 2026, 08:15\n\t<\/p>\n<p>\n\t\t\tUppdaterad:<br \/>\n\t\t\t13 jan 2026, 09:32\n\t\t<\/p>\n","protected":false},"excerpt":{"rendered":"USA:s president Donald Trump om bord flygplanet Air Force One p\u00e5 s\u00f6ndagen. Bild: Julia Demaree Nikhinson\/AP\/TT Publicerad: 13&hellip;\n","protected":false},"author":2,"featured_media":134677,"comment_status":"","ping_status":"","sticky":false,"template":"","format":"standard","meta":{"footnotes":""},"categories":[14],"tags":[22,23,26,27,17,21,24,25,28,29,15,16,18,34,31,33,32,30,19,20,51,52,53,54],"class_list":{"0":"post-134676","1":"post","2":"type-post","3":"status-publish","4":"format-standard","5":"has-post-thumbnail","7":"category-varlden","8":"tag-breaking-news","9":"tag-breakingnews","10":"tag-featured-news","11":"tag-featurednews","12":"tag-headlines","13":"tag-huvudnyheter","14":"tag-latest-news","15":"tag-latestnews","16":"tag-main-news","17":"tag-mainnews","18":"tag-news","19":"tag-nyheter","20":"tag-rubriker","21":"tag-se","22":"tag-svenska","23":"tag-sverige","24":"tag-sweden","25":"tag-swedish","26":"tag-top-stories","27":"tag-topstories","28":"tag-varlden","29":"tag-world","30":"tag-world-news","31":"tag-worldnews"},"share_on_mastodon":{"url":"https:\/\/pubeurope.com\/@se\/115889126926056135","error":""},"_links":{"self":[{"href":"https:\/\/www.europesays.com\/se\/wp-json\/wp\/v2\/posts\/134676","targetHints":{"allow":["GET"]}}],"collection":[{"href":"https:\/\/www.europesays.com\/se\/wp-json\/wp\/v2\/posts"}],"about":[{"href":"https:\/\/www.europesays.com\/se\/wp-json\/wp\/v2\/types\/post"}],"author":[{"embeddable":true,"href":"https:\/\/www.europesays.com\/se\/wp-json\/wp\/v2\/users\/2"}],"replies":[{"embeddable":true,"href":"https:\/\/www.europesays.com\/se\/wp-json\/wp\/v2\/comments?post=134676"}],"version-history":[{"count":0,"href":"https:\/\/www.europesays.com\/se\/wp-json\/wp\/v2\/posts\/134676\/revisions"}],"wp:featuredmedia":[{"embeddable":true,"href":"https:\/\/www.europesays.com\/se\/wp-json\/wp\/v2\/media\/134677"}],"wp:attachment":[{"href":"https:\/\/www.europesays.com\/se\/wp-json\/wp\/v2\/media?parent=134676"}],"wp:term":[{"taxonomy":"category","embeddable":true,"href":"https:\/\/www.europesays.com\/se\/wp-json\/wp\/v2\/categories?post=134676"},{"taxonomy":"post_tag","embeddable":true,"href":"https:\/\/www.europesays.com\/se\/wp-json\/wp\/v2\/tags?post=134676"}],"curies":[{"name":"wp","href":"https:\/\/api.w.org\/{rel}","templated":true}]}}