{"id":134678,"date":"2026-01-13T18:11:07","date_gmt":"2026-01-13T18:11:07","guid":{"rendered":"https:\/\/www.europesays.com\/se\/134678\/"},"modified":"2026-01-13T18:11:07","modified_gmt":"2026-01-13T18:11:07","slug":"cecilia-lundin-ar-en-hangiven-vintertaltare","status":"publish","type":"post","link":"https:\/\/www.europesays.com\/se\/134678\/","title":{"rendered":"Cecilia Lundin \u00e4r en h\u00e4ngiven vintert\u00e4ltare"},"content":{"rendered":"<p>Cecilia Lundin ser redan fram mot n\u00e4sta vecka d\u00e5 en veckol\u00e5ng skid- och skogstur v\u00e4ntar. Den h\u00e4r dagen blir det en kortare tur och \u00f6vernattning n\u00e4ra hemmet i Saskam utanf\u00f6r Jokkmokk.\u00a0<\/p>\n<p>\u2013 Jag f\u00f6rs\u00f6ker att vistas i skogen i s\u00e5 h\u00f6g utstr\u00e4ckning som m\u00f6jligt. Det \u00e4r verkligen en rikedom att k\u00e4nna att man har naturen s\u00e5 n\u00e4ra, s\u00e4ger hon.\u00a0<\/p>\n<p>Hennes timrade, vackra stuga ligger p\u00e5 en h\u00f6jd med stora tallar runt huset. Men mellan tr\u00e4den \u00f6ppnar ett stort hygge upp sig. Det har bara g\u00e5tt ett \u00e5r sedan ett stort skogsbolag avverkade den mer \u00e4n hundra \u00e5r gamla tallskogen.\u00a0<\/p>\n<p>\u2013 Det \u00e4r en sorg som \u00e4r sv\u00e5r att s\u00e4tta ord p\u00e5. Jag nj\u00f6t varje g\u00e5ng jag k\u00f6rde genom skogen p\u00e5 v\u00e4g hem. Skogen var ocks\u00e5 en viktig del av mitt hem. Och nu finns den inte l\u00e4ngre, s\u00e4ger hon.\u00a0<\/p>\n","protected":false},"excerpt":{"rendered":"Cecilia Lundin ser redan fram mot n\u00e4sta vecka d\u00e5 en veckol\u00e5ng skid- och skogstur v\u00e4ntar. Den h\u00e4r dagen&hellip;\n","protected":false},"author":2,"featured_media":134679,"comment_status":"","ping_status":"","sticky":false,"template":"","format":"standard","meta":{"footnotes":""},"categories":[68],"tags":[34,11368,111,110,31,33,32,30],"class_list":{"0":"post-134678","1":"post","2":"type-post","3":"status-publish","4":"format-standard","5":"has-post-thumbnail","7":"category-sport","8":"tag-se","9":"tag-skog","10":"tag-sport","11":"tag-sports","12":"tag-svenska","13":"tag-sverige","14":"tag-sweden","15":"tag-swedish"},"share_on_mastodon":{"url":"https:\/\/pubeurope.com\/@se\/115889142661295530","error":""},"_links":{"self":[{"href":"https:\/\/www.europesays.com\/se\/wp-json\/wp\/v2\/posts\/134678","targetHints":{"allow":["GET"]}}],"collection":[{"href":"https:\/\/www.europesays.com\/se\/wp-json\/wp\/v2\/posts"}],"about":[{"href":"https:\/\/www.europesays.com\/se\/wp-json\/wp\/v2\/types\/post"}],"author":[{"embeddable":true,"href":"https:\/\/www.europesays.com\/se\/wp-json\/wp\/v2\/users\/2"}],"replies":[{"embeddable":true,"href":"https:\/\/www.europesays.com\/se\/wp-json\/wp\/v2\/comments?post=134678"}],"version-history":[{"count":0,"href":"https:\/\/www.europesays.com\/se\/wp-json\/wp\/v2\/posts\/134678\/revisions"}],"wp:featuredmedia":[{"embeddable":true,"href":"https:\/\/www.europesays.com\/se\/wp-json\/wp\/v2\/media\/134679"}],"wp:attachment":[{"href":"https:\/\/www.europesays.com\/se\/wp-json\/wp\/v2\/media?parent=134678"}],"wp:term":[{"taxonomy":"category","embeddable":true,"href":"https:\/\/www.europesays.com\/se\/wp-json\/wp\/v2\/categories?post=134678"},{"taxonomy":"post_tag","embeddable":true,"href":"https:\/\/www.europesays.com\/se\/wp-json\/wp\/v2\/tags?post=134678"}],"curies":[{"name":"wp","href":"https:\/\/api.w.org\/{rel}","templated":true}]}}