{"id":134688,"date":"2026-01-13T18:20:06","date_gmt":"2026-01-13T18:20:06","guid":{"rendered":"https:\/\/www.europesays.com\/se\/134688\/"},"modified":"2026-01-13T18:20:06","modified_gmt":"2026-01-13T18:20:06","slug":"kid-erikssons-och-emilia-rehnbergs-nyarsfirandet-wistams-ord","status":"publish","type":"post","link":"https:\/\/www.europesays.com\/se\/134688\/","title":{"rendered":"Kid Erikssons och Emilia Rehnbergs ny\u00e5rsfirandet \u2013 Wistams ord"},"content":{"rendered":"<p>Publicerad 13 jan 2026 kl 19.08<\/p>\n<p>Tjuvjakts Kid Eriksson och komikern Emilia Rehnberg firade ny\u00e5r ihop.<\/p>\n<p>Nu bekr\u00e4ftar Rehnberg att de \u00e4r ett par \u2013 och avsl\u00f6jar n\u00e4r de tr\u00e4ffades.<\/p>\n<p>\u2013 Min pojkv\u00e4n \u00e4r Kid Eriksson, s\u00e4ger hon i podden <a href=\"https:\/\/poddtoppen.se\/podcast\/1794075039\/halsa-morsan\/49-2-stora-avslojanden-och-sj-skandalen\" rel=\"nofollow noopener\" target=\"_blank\">\u201dH\u00e4lsa morsan\u201d<\/a>.<\/p>\n<p>Senaste klippen fr\u00e5n Expressen inom n\u00f6je.<img   alt=\"\"\/><\/p>\n<p>Komikern Emilia Rehnberg och poddv\u00e4nnerna Bj\u00f6rn Holmgren och Isak \u201cFjortisper\u201d L\u00f6b.<\/p>\n<p>Foto: Christine Olsson\/TT \/ TT NYHETSBYR\u00c5N<\/p>\n<p>\u00d6ppna bild i helsk\u00e4rm<img loading=\"lazy\"   alt=\"\"\/><\/p>\n<p>Sofia Wistam har delat en bild d\u00e4r Kid Eriksson och Emilia Rehnberg syns tillsammans p\u00e5 Mallorca.<\/p>\n<p>Foto: Instagram<\/p>\n<p>\u00d6ppna bild i helsk\u00e4rm<img loading=\"lazy\"   alt=\"\"\/><\/p>\n<p>Arvid och Kid fr\u00e5n Tjuvjakt.<\/p>\n<p>Foto: HGBILD \/ SPA<\/p>\n<p>\u00d6ppna bild i helsk\u00e4rm<\/p>\n<p>I en video p\u00e5 Instagram syns tv-profilen <a href=\"https:\/\/www.expressen.se\/tagg\/person\/sofia-wistam\/\" class=\"\" rel=\"nofollow noopener\" target=\"_blank\">Sofia Wistam<\/a>, partnern Magnus Wistam och barnen Kid Eriksson och Texas Wistam dansa p\u00e5 gatan. Till videon har hon skrivit \u201dGott nytt \u00e5r familjedans\u201d.<\/p>\n<p>Men i videon syns ocks\u00e5 komikern Emilia Rehnberg som dansar mellan Texas och Kid.\u00a0<\/p>\n<p>Det startade spekulationer kring om komikern och Tjuvjakt-artisten Kid Eriksson \u00e4r ett par.\u00a0<\/p>\n<p>I mellandagarna syntes sonen och Emilia Rehnberg dessutom ihop p\u00e5 en bild fr\u00e5n Mallorca. Och i helgen delade Rehnberg sj\u00e4lv en sketch d\u00e4r hon och Eriksson syns tillsammans p\u00e5 flygplatsen.\u00a0<\/p>\n<p>\u201dStockholmspar med noll trauma\u201d, skriver hon till videon.<\/p>\n<p>D\u00e5 tr\u00e4ffades paret<\/p>\n<p>I podden \u201dH\u00e4lsa morsan\u201d som Emilia Rehnberg har ihop med Isak \u201dFjortisper\u201d L\u00f6b och Bj\u00f6rn Holmgren avsl\u00f6jar hon nu k\u00e4rlekslyckan \u2013 efter att ha blivit l\u00e4tt tvingad av kollegerna.<\/p>\n<p>\u2013 Okej, okej min pojkv\u00e4n \u00e4r Kid Eriksson, killen fr\u00e5n fr\u00e5n Tjuvjakt, s\u00e4ger hon f\u00f6rst sk\u00e4mtsamt p\u00e5 engelska.<\/p>\n<p>Orden om \u201dnya sv\u00e4rmor\u201d<\/p>\n<p>Komikern ber\u00e4ttar att de tr\u00e4ffades i slutet av sommaren och har dejtat sedan dess.<\/p>\n<p>Hon ber\u00e4ttar \u00e4ven om ny\u00e5rsresan ihop med Kids familj d\u00e4r Sofia Wistams video kom till.<\/p>\n<p>\u2013 Jag f\u00f6ljde med p\u00e5 en liten ny\u00e5rsresa. J\u00e4ttetrevligt. Vad g\u00f6r man inte, man st\u00e4ller upp f\u00f6r nya sv\u00e4rmor.<\/p>\n<p>Rehnberg verkar inte ha n\u00e5got emot att parets f\u00f6rh\u00e5llande visades upp p\u00e5 Wistams sociala medier<\/p>\n<p>\u2013 Det var kul. Jag gillar det. Det var annorlunda, s\u00e4ger hon.<\/p>\n<p><img loading=\"lazy\"   alt=\"\"\/><\/p>\n<p>Kid Eriksson och Emilia Rehnberg firade \u00e4ven ny\u00e5r ihop, enligt en video som Wistam delat.<\/p>\n<p>Foto: Instagram<\/p>\n<p>\u00d6ppna bild i helsk\u00e4rm<img loading=\"lazy\"   alt=\"\"\/><\/p>\n<p>Rehnberg postade en sketch ihop med Eriksson. \u201dStockholmspar med noll trauma\u201d, lyder texten.<\/p>\n<p>Foto: Instagram<\/p>\n<p>\u00d6ppna bild i helsk\u00e4rm<\/p>\n","protected":false},"excerpt":{"rendered":"Publicerad 13 jan 2026 kl 19.08 Tjuvjakts Kid Eriksson och komikern Emilia Rehnberg firade ny\u00e5r ihop. Nu bekr\u00e4ftar&hellip;\n","protected":false},"author":2,"featured_media":134689,"comment_status":"","ping_status":"","sticky":false,"template":"","format":"standard","meta":{"footnotes":""},"categories":[67],"tags":[104,1043,34,31,33,32,30,402,310,547,105],"class_list":{"0":"post-134688","1":"post","2":"type-post","3":"status-publish","4":"format-standard","5":"has-post-thumbnail","7":"category-underhallning","8":"tag-entertainment","9":"tag-person-sofia-wistam","10":"tag-se","11":"tag-svenska","12":"tag-sverige","13":"tag-sweden","14":"tag-swedish","15":"tag-topic-artister","16":"tag-topic-kandisar","17":"tag-topic-karlek-relationer","18":"tag-underhallning"},"share_on_mastodon":{"url":"https:\/\/pubeurope.com\/@se\/115889178067151804","error":""},"_links":{"self":[{"href":"https:\/\/www.europesays.com\/se\/wp-json\/wp\/v2\/posts\/134688","targetHints":{"allow":["GET"]}}],"collection":[{"href":"https:\/\/www.europesays.com\/se\/wp-json\/wp\/v2\/posts"}],"about":[{"href":"https:\/\/www.europesays.com\/se\/wp-json\/wp\/v2\/types\/post"}],"author":[{"embeddable":true,"href":"https:\/\/www.europesays.com\/se\/wp-json\/wp\/v2\/users\/2"}],"replies":[{"embeddable":true,"href":"https:\/\/www.europesays.com\/se\/wp-json\/wp\/v2\/comments?post=134688"}],"version-history":[{"count":0,"href":"https:\/\/www.europesays.com\/se\/wp-json\/wp\/v2\/posts\/134688\/revisions"}],"wp:featuredmedia":[{"embeddable":true,"href":"https:\/\/www.europesays.com\/se\/wp-json\/wp\/v2\/media\/134689"}],"wp:attachment":[{"href":"https:\/\/www.europesays.com\/se\/wp-json\/wp\/v2\/media?parent=134688"}],"wp:term":[{"taxonomy":"category","embeddable":true,"href":"https:\/\/www.europesays.com\/se\/wp-json\/wp\/v2\/categories?post=134688"},{"taxonomy":"post_tag","embeddable":true,"href":"https:\/\/www.europesays.com\/se\/wp-json\/wp\/v2\/tags?post=134688"}],"curies":[{"name":"wp","href":"https:\/\/api.w.org\/{rel}","templated":true}]}}