{"id":134694,"date":"2026-01-13T18:25:09","date_gmt":"2026-01-13T18:25:09","guid":{"rendered":"https:\/\/www.europesays.com\/se\/134694\/"},"modified":"2026-01-13T18:25:09","modified_gmt":"2026-01-13T18:25:09","slug":"kan-inte-utesluta-ai-skrivna-brev","status":"publish","type":"post","link":"https:\/\/www.europesays.com\/se\/134694\/","title":{"rendered":"Kan inte utesluta AI-skrivna brev"},"content":{"rendered":"<p>Kriminalv\u00e5rden slopar kravet p\u00e5 personligt brev vid jobbans\u00f6kan, rapporterar TT. Brevet har ersatts av urvalsfr\u00e5gor vilket enligt myndigheten ska inneb\u00e4ra att alla kandidater f\u00e5r samma f\u00f6ruts\u00e4ttningar.<\/p>\n<p>Hanna Frummerin, enhetschef p\u00e5 HR-avdelningen, s\u00e4ger att inneh\u00e5llet i de personliga breven inte alltid \u00e4r relevant. Det \u00e4r inte heller lika v\u00e4rdefullt som f\u00f6rut, s\u00e4ger hon. <\/p>\n<p>\u2013 Vi kan inte l\u00e4ngre, utifr\u00e5n utveckling av AI och spr\u00e5kmodeller, utesluta att det personliga brevet skrivs av AI och vi ser fram\u00e5t att brevet p\u00e5 det s\u00e4ttet tappar sitt v\u00e4rde.<\/p>\n<p>Omni \u00e4r politiskt obundna och oberoende. Vi str\u00e4var efter att ge fler perspektiv p\u00e5 nyheterna. Har du fr\u00e5gor eller synpunkter kring v\u00e5r rapportering? <a href=\"https:\/\/omni.se\/kriminalvarden-kan-inte-utesluta-ai-skrivna-brev\/a\/mailto:redaktion@omni.se\" class=\"ArticleActions_contactLink__W2F1M\" rel=\"nofollow noopener\" target=\"_blank\">Kontakta redaktionen<\/a><\/p>\n","protected":false},"excerpt":{"rendered":"Kriminalv\u00e5rden slopar kravet p\u00e5 personligt brev vid jobbans\u00f6kan, rapporterar TT. Brevet har ersatts av urvalsfr\u00e5gor vilket enligt myndigheten&hellip;\n","protected":false},"author":2,"featured_media":134695,"comment_status":"","ping_status":"","sticky":false,"template":"","format":"standard","meta":{"footnotes":""},"categories":[5],"tags":[466,22,23,26,27,17,21,1560,24,25,28,29,15,16,18,34,31,33,32,30,19,20],"class_list":{"0":"post-134694","1":"post","2":"type-post","3":"status-publish","4":"format-standard","5":"has-post-thumbnail","7":"category-rubriker","8":"tag-artificiell-intelligens","9":"tag-breaking-news","10":"tag-breakingnews","11":"tag-featured-news","12":"tag-featurednews","13":"tag-headlines","14":"tag-huvudnyheter","15":"tag-kriminalvarden","16":"tag-latest-news","17":"tag-latestnews","18":"tag-main-news","19":"tag-mainnews","20":"tag-news","21":"tag-nyheter","22":"tag-rubriker","23":"tag-se","24":"tag-svenska","25":"tag-sverige","26":"tag-sweden","27":"tag-swedish","28":"tag-top-stories","29":"tag-topstories"},"share_on_mastodon":{"url":"https:\/\/pubeurope.com\/@se\/115889197732565440","error":""},"_links":{"self":[{"href":"https:\/\/www.europesays.com\/se\/wp-json\/wp\/v2\/posts\/134694","targetHints":{"allow":["GET"]}}],"collection":[{"href":"https:\/\/www.europesays.com\/se\/wp-json\/wp\/v2\/posts"}],"about":[{"href":"https:\/\/www.europesays.com\/se\/wp-json\/wp\/v2\/types\/post"}],"author":[{"embeddable":true,"href":"https:\/\/www.europesays.com\/se\/wp-json\/wp\/v2\/users\/2"}],"replies":[{"embeddable":true,"href":"https:\/\/www.europesays.com\/se\/wp-json\/wp\/v2\/comments?post=134694"}],"version-history":[{"count":0,"href":"https:\/\/www.europesays.com\/se\/wp-json\/wp\/v2\/posts\/134694\/revisions"}],"wp:featuredmedia":[{"embeddable":true,"href":"https:\/\/www.europesays.com\/se\/wp-json\/wp\/v2\/media\/134695"}],"wp:attachment":[{"href":"https:\/\/www.europesays.com\/se\/wp-json\/wp\/v2\/media?parent=134694"}],"wp:term":[{"taxonomy":"category","embeddable":true,"href":"https:\/\/www.europesays.com\/se\/wp-json\/wp\/v2\/categories?post=134694"},{"taxonomy":"post_tag","embeddable":true,"href":"https:\/\/www.europesays.com\/se\/wp-json\/wp\/v2\/tags?post=134694"}],"curies":[{"name":"wp","href":"https:\/\/api.w.org\/{rel}","templated":true}]}}