{"id":134702,"date":"2026-01-13T18:32:08","date_gmt":"2026-01-13T18:32:08","guid":{"rendered":"https:\/\/www.europesays.com\/se\/134702\/"},"modified":"2026-01-13T18:32:08","modified_gmt":"2026-01-13T18:32:08","slug":"ledare-m-och-s-bor-valja-bort-partier-pa-ytterkanten-unt","status":"publish","type":"post","link":"https:\/\/www.europesays.com\/se\/134702\/","title":{"rendered":"LEDARE: M och S b\u00f6r v\u00e4lja bort partier p\u00e5 ytterkanten &#8211; UNT"},"content":{"rendered":"<ol>\n<li><a href=\"https:\/\/news.google.com\/rss\/articles\/CBMiiwFBVV95cUxQNEVRM21vdGVaUEtOajR1T1U0Nk0weHpPOHNRNEtnRW5vM1FLc1Fra0pHSWJYTFVDNXZWazJGWFhWaFUtNU1JUWZYc09qbHphczU3eXdrVWVLdFI0YUFqNWFjZzRNVE1IZ2NHbFFKN0hmM2Z2b3F0bHktMFcxTk14bEFXQVo3VnhhZktR?oc=5\" target=\"_blank\" rel=\"nofollow noopener\">LEDARE: M och S b\u00f6r v\u00e4lja bort partier p\u00e5 ytterkanten<\/a>&nbsp;&nbsp;UNT<\/li>\n<li><a href=\"https:\/\/news.google.com\/rss\/articles\/CBMiiAFBVV95cUxNUTFFUFdJSDE3YjBJeGgwcXZyZGUzN3V0YWVjMzA3Um1tOHVHNjhOc3J4Um1YSWp3clRYUWFPSXlhdFBRR3h0Q20yQ3ZfTzUzWS1tTGhjRmZRZW4xRmlPUWhhcHVFMUVscVZteUM3VWFsTEM4QjNQNlBJamw5VG5peTVndlE4dFcw?oc=5\" target=\"_blank\" rel=\"nofollow noopener\">Allt handlar om Trump i S\u00e4len<\/a>&nbsp;&nbsp;SvD<\/li>\n<li><a href=\"https:\/\/news.google.com\/rss\/articles\/CBMilgFBVV95cUxQYU15RF9CbnJnNnZnTTZ4aXlmZWg3N2F4Tm81WnRsaGhYR0tRMkxTRmNsWWd1YkliTjZGaGE0dGJjNUlPeVBVb28zQXlKeVdHZGhDVUtaX2pSbFlTNEFqaUw4ZDFETjl3ZEFMT1dOLXQ3TTNIaHpBQUE3aDZMRDJ4VENadjlGTlFSV1hwV2RqUXU1RGlvdlE?oc=5\" target=\"_blank\" rel=\"nofollow noopener\">\u201dTrots dystra tong\u00e5ngar \u2013 det h\u00e4r \u00e4r viktigt att komma ih\u00e5g\u201d<\/a>&nbsp;&nbsp;SVT Nyheter<\/li>\n<li><a href=\"https:\/\/news.google.com\/rss\/articles\/CBMikgFBVV95cUxObEhYcEc4WThwN1hIU0NmSzJSOGVabDl0aGQ4ZUlNUFl0RWx0RnBCV0hrQ1lZUEk3RUd0QUx3cWFVTEduRDdOR192TS14ejNrSDh5NzFfX1FhbzgzMTFqQ0VDTDZwRU1MMVlnNDVlOEJfdzlPbUpGVDE3ZXhvaWlGbEFmNjVBbkdOTlJVUG45NHJZUQ?oc=5\" target=\"_blank\" rel=\"nofollow noopener\">Joakim Medin: Snart m\u00e5ste politikerna v\u00e5ga s\u00e4ga n\u00e5got om hotet fr\u00e5n USA<\/a>&nbsp;&nbsp;ETC.se<\/li>\n<li><a href=\"https:\/\/news.google.com\/rss\/articles\/CBMijAFBVV95cUxOalk4ZDQzZ25pdG41U0RFZ01hV195a2U0cFJnMTlJMjN5QURtX2F5X1NabGEwcE85eV95cF80SEZfX2N6OVgyS2JRRGozN01jRGNYNnJMd0p0WktJem1aUUNzVjNnTEc5MzRrV3JwQ25kNTBKdVQxSVpPWTdDZF92ZVd3VE8yT3FORDZtUQ?oc=5\" target=\"_blank\" rel=\"nofollow noopener\">MP-beskedet om Nato \u2013 efter Trumps nya hot<\/a>&nbsp;&nbsp;Expressen<\/li>\n<\/ol>\n","protected":false},"excerpt":{"rendered":"LEDARE: M och S b\u00f6r v\u00e4lja bort partier p\u00e5 ytterkanten&nbsp;&nbsp;UNT Allt handlar om Trump i S\u00e4len&nbsp;&nbsp;SvD \u201dTrots dystra&hellip;\n","protected":false},"author":2,"featured_media":134703,"comment_status":"","ping_status":"","sticky":false,"template":"","format":"standard","meta":{"footnotes":""},"categories":[12],"tags":[22,23,26,27,17,21,24,25,28,29,15,16,18,34,31,33,32,30,19,20],"class_list":{"0":"post-134702","1":"post","2":"type-post","3":"status-publish","4":"format-standard","5":"has-post-thumbnail","7":"category-sverige","8":"tag-breaking-news","9":"tag-breakingnews","10":"tag-featured-news","11":"tag-featurednews","12":"tag-headlines","13":"tag-huvudnyheter","14":"tag-latest-news","15":"tag-latestnews","16":"tag-main-news","17":"tag-mainnews","18":"tag-news","19":"tag-nyheter","20":"tag-rubriker","21":"tag-se","22":"tag-svenska","23":"tag-sverige","24":"tag-sweden","25":"tag-swedish","26":"tag-top-stories","27":"tag-topstories"},"share_on_mastodon":{"url":"https:\/\/pubeurope.com\/@se\/115889225357664817","error":""},"_links":{"self":[{"href":"https:\/\/www.europesays.com\/se\/wp-json\/wp\/v2\/posts\/134702","targetHints":{"allow":["GET"]}}],"collection":[{"href":"https:\/\/www.europesays.com\/se\/wp-json\/wp\/v2\/posts"}],"about":[{"href":"https:\/\/www.europesays.com\/se\/wp-json\/wp\/v2\/types\/post"}],"author":[{"embeddable":true,"href":"https:\/\/www.europesays.com\/se\/wp-json\/wp\/v2\/users\/2"}],"replies":[{"embeddable":true,"href":"https:\/\/www.europesays.com\/se\/wp-json\/wp\/v2\/comments?post=134702"}],"version-history":[{"count":0,"href":"https:\/\/www.europesays.com\/se\/wp-json\/wp\/v2\/posts\/134702\/revisions"}],"wp:featuredmedia":[{"embeddable":true,"href":"https:\/\/www.europesays.com\/se\/wp-json\/wp\/v2\/media\/134703"}],"wp:attachment":[{"href":"https:\/\/www.europesays.com\/se\/wp-json\/wp\/v2\/media?parent=134702"}],"wp:term":[{"taxonomy":"category","embeddable":true,"href":"https:\/\/www.europesays.com\/se\/wp-json\/wp\/v2\/categories?post=134702"},{"taxonomy":"post_tag","embeddable":true,"href":"https:\/\/www.europesays.com\/se\/wp-json\/wp\/v2\/tags?post=134702"}],"curies":[{"name":"wp","href":"https:\/\/api.w.org\/{rel}","templated":true}]}}