{"id":134715,"date":"2026-01-13T18:41:17","date_gmt":"2026-01-13T18:41:17","guid":{"rendered":"https:\/\/www.europesays.com\/se\/134715\/"},"modified":"2026-01-13T18:41:17","modified_gmt":"2026-01-13T18:41:17","slug":"kolkraft-backar-i-kina-och-indien","status":"publish","type":"post","link":"https:\/\/www.europesays.com\/se\/134715\/","title":{"rendered":"Kolkraft backar i Kina och Indien"},"content":{"rendered":"<p>share-arrowDela<\/p>\n<p>unsaveSpara<\/p>\n<p>expand-left<\/p>\n<p>helsk\u00e4rm<img decoding=\"async\" class=\"image-asset hyperion-css-u06ts1\" data-test-tag=\"image-asset\" src=\"https:\/\/www.europesays.com\/se\/wp-content\/uploads\/2026\/01\/5786bff5-ef24-4b00-946a-05c48aafb883.jpeg\"  alt=\"Solceller monteras p\u00e5 ett tak i indiska Prayagraj. Arkivbild.\"  loading=\"eager\" fetchpriority=\"high\" style=\"aspect-ratio:1900 \/ 1267\"\/>Solceller monteras p\u00e5 ett tak i indiska Prayagraj. Arkivbild. Foto: Rajesh Kumar Singh\/AP\/TT<\/p>\n<p class=\"hyperion-css-1shl3oz\" data-test-tag=\"lead-text\">Bj\u00e4ssarna Kina och Indien minskade b\u00e5da sin elproduktion fr\u00e5n kolkraft f\u00f6rra \u00e5ret, enligt en analys som Carbon Brief publicerat.<\/p>\n<p class=\"hyperion-css-1v9qo5x\">Senaste g\u00e5ngen de b\u00e5da l\u00e4nderna minskade kolkraften samtidigt var under oljekrisen 1973. Minskningen under 2025 ber\u00e4knas i Indien till 3,0 procent och i Kina till 1,6 procent.<\/p>\n<p class=\"hyperion-css-1v9qo5x\">Enligt analysen byggde de b\u00e5da j\u00e4ttarna ut en rekordm\u00e4ngd gr\u00f6n energi f\u00f6rra \u00e5ret, vilket var avg\u00f6rande f\u00f6r nedg\u00e5ngen. I Indien bidrog ocks\u00e5 milt v\u00e4der och en allm\u00e4n inbromsning av efterfr\u00e5ge\u00f6kningen.<\/p>\n<p class=\"hyperion-css-1v9qo5x\">Det anses vara f\u00f6r tidigt att s\u00e4ga om detta bara \u00e4r ett hack i kurvan f\u00f6r f\u00f6rorenande energi, eller om l\u00e4nderna kan forts\u00e4tta att dra ner p\u00e5 kolkraften. B\u00e5da l\u00e4nderna st\u00e5r inf\u00f6r stora utmaningar, bland annat kopplade till eln\u00e4ten och att de fortfarande bygger m\u00e5nga nya kolkraftverk.<\/p>\n<p class=\"hyperion-css-1v9qo5x\">\u201d\u00c4ven om m\u00e5nga utmaningar kvarst\u00e5r inneb\u00e4r minskningen av deras kolkraftsproduktion ett historiskt skifte som skulle kunna leda till att de globala utsl\u00e4ppen n\u00e5r sin topp\u201d, skriver analytikern Lauri Myllyvirta.<\/p>\n","protected":false},"excerpt":{"rendered":"share-arrowDela unsaveSpara expand-left helsk\u00e4rmSolceller monteras p\u00e5 ett tak i indiska Prayagraj. Arkivbild. Foto: Rajesh Kumar Singh\/AP\/TT Bj\u00e4ssarna Kina&hellip;\n","protected":false},"author":2,"featured_media":134716,"comment_status":"","ping_status":"","sticky":false,"template":"","format":"standard","meta":{"footnotes":""},"categories":[5],"tags":[22,23,26,27,17,21,24,25,28,29,15,16,18,34,31,33,32,30,19,20],"class_list":{"0":"post-134715","1":"post","2":"type-post","3":"status-publish","4":"format-standard","5":"has-post-thumbnail","7":"category-rubriker","8":"tag-breaking-news","9":"tag-breakingnews","10":"tag-featured-news","11":"tag-featurednews","12":"tag-headlines","13":"tag-huvudnyheter","14":"tag-latest-news","15":"tag-latestnews","16":"tag-main-news","17":"tag-mainnews","18":"tag-news","19":"tag-nyheter","20":"tag-rubriker","21":"tag-se","22":"tag-svenska","23":"tag-sverige","24":"tag-sweden","25":"tag-swedish","26":"tag-top-stories","27":"tag-topstories"},"share_on_mastodon":{"url":"https:\/\/pubeurope.com\/@se\/115889260672096585","error":""},"_links":{"self":[{"href":"https:\/\/www.europesays.com\/se\/wp-json\/wp\/v2\/posts\/134715","targetHints":{"allow":["GET"]}}],"collection":[{"href":"https:\/\/www.europesays.com\/se\/wp-json\/wp\/v2\/posts"}],"about":[{"href":"https:\/\/www.europesays.com\/se\/wp-json\/wp\/v2\/types\/post"}],"author":[{"embeddable":true,"href":"https:\/\/www.europesays.com\/se\/wp-json\/wp\/v2\/users\/2"}],"replies":[{"embeddable":true,"href":"https:\/\/www.europesays.com\/se\/wp-json\/wp\/v2\/comments?post=134715"}],"version-history":[{"count":0,"href":"https:\/\/www.europesays.com\/se\/wp-json\/wp\/v2\/posts\/134715\/revisions"}],"wp:featuredmedia":[{"embeddable":true,"href":"https:\/\/www.europesays.com\/se\/wp-json\/wp\/v2\/media\/134716"}],"wp:attachment":[{"href":"https:\/\/www.europesays.com\/se\/wp-json\/wp\/v2\/media?parent=134715"}],"wp:term":[{"taxonomy":"category","embeddable":true,"href":"https:\/\/www.europesays.com\/se\/wp-json\/wp\/v2\/categories?post=134715"},{"taxonomy":"post_tag","embeddable":true,"href":"https:\/\/www.europesays.com\/se\/wp-json\/wp\/v2\/tags?post=134715"}],"curies":[{"name":"wp","href":"https:\/\/api.w.org\/{rel}","templated":true}]}}