{"id":134717,"date":"2026-01-13T18:43:13","date_gmt":"2026-01-13T18:43:13","guid":{"rendered":"https:\/\/www.europesays.com\/se\/134717\/"},"modified":"2026-01-13T18:43:13","modified_gmt":"2026-01-13T18:43:13","slug":"fransk-media-mbappe-forsokte-radda-alonso-la-liga","status":"publish","type":"post","link":"https:\/\/www.europesays.com\/se\/134717\/","title":{"rendered":"Fransk media: Mbapp\u00e9 f\u00f6rs\u00f6kte r\u00e4dda Alonso &#8211; La Liga"},"content":{"rendered":"<p>Kylian Mbapp\u00e9 tog en risk i sin r\u00e4ddningsaktion i att beh\u00e5lla Xabi Alonso vid tr\u00e4narrodret i Real Madrid. <\/p>\n<p>Fransmannen drabbades av en kn\u00e4skada i slutet av december och prognosen var att han skulle bli borta i tre veckor. <\/p>\n<p>Men Mbapp\u00e9 var tillbaka redan efter mindre \u00e4n tv\u00e5 veckor. Enligt L&#8217;Equipe k\u00e4nde stj\u00e4rnan p\u00e5 sig att Xabi Alonso skulle f\u00e5 sparken om det inte blev seger i supercup-finalen mot Barcelona. D\u00e4rf\u00f6r satte han sig p\u00e5 planet till Saudiarabien och spelade titelmatchen, trots varningar om att kn\u00e4besv\u00e4ret kunde bli \u00e4nnu v\u00e4rre. <\/p>\n<p>Det blev dock f\u00f6rlust mot Barcelona och under m\u00e5ndagen fick Alonso sparken. <\/p>\n<p>&#8221;Det var kort, men ett n\u00f6je att spela f\u00f6r dig och att l\u00e4ra av dig. Tack f\u00f6r att du gav mig f\u00f6rtroende fr\u00e5n f\u00f6rsta dagen. Jag kommer att minnas dig som en tr\u00e4nare som hade tydliga id\u00e9er och vet mycket om fotboll. All lycka i n\u00e4sta kapitel&#8221;, skrev Mbapp\u00e9 p\u00e5 Instagram. <\/p>\n<p>Enligt L&#8217;Equipe hade Mbapp\u00e9 och Alonso ett gott f\u00f6rh\u00e5llande och de &#8221;pratade om allt&#8221;.<\/p>\n<p>Nu \u00e4r det Alvaro Arbeloa  som \u00e4r huvudtr\u00e4nare i Real Madrid. AFP rapporterar att Mbapp\u00e9 missade f\u00f6rsta passet under den nye coachens ledning och att stj\u00e4rnan h\u00f6gst troligt vilas i Copa del Rey-m\u00f6tet med Albacete under tisdagen.<\/p>\n","protected":false},"excerpt":{"rendered":"Kylian Mbapp\u00e9 tog en risk i sin r\u00e4ddningsaktion i att beh\u00e5lla Xabi Alonso vid tr\u00e4narrodret i Real Madrid.&hellip;\n","protected":false},"author":2,"featured_media":134718,"comment_status":"","ping_status":"","sticky":false,"template":"","format":"standard","meta":{"footnotes":""},"categories":[68],"tags":[34,111,110,31,33,32,30],"class_list":{"0":"post-134717","1":"post","2":"type-post","3":"status-publish","4":"format-standard","5":"has-post-thumbnail","7":"category-sport","8":"tag-se","9":"tag-sport","10":"tag-sports","11":"tag-svenska","12":"tag-sverige","13":"tag-sweden","14":"tag-swedish"},"share_on_mastodon":{"url":"https:\/\/pubeurope.com\/@se\/115889268535311170","error":""},"_links":{"self":[{"href":"https:\/\/www.europesays.com\/se\/wp-json\/wp\/v2\/posts\/134717","targetHints":{"allow":["GET"]}}],"collection":[{"href":"https:\/\/www.europesays.com\/se\/wp-json\/wp\/v2\/posts"}],"about":[{"href":"https:\/\/www.europesays.com\/se\/wp-json\/wp\/v2\/types\/post"}],"author":[{"embeddable":true,"href":"https:\/\/www.europesays.com\/se\/wp-json\/wp\/v2\/users\/2"}],"replies":[{"embeddable":true,"href":"https:\/\/www.europesays.com\/se\/wp-json\/wp\/v2\/comments?post=134717"}],"version-history":[{"count":0,"href":"https:\/\/www.europesays.com\/se\/wp-json\/wp\/v2\/posts\/134717\/revisions"}],"wp:featuredmedia":[{"embeddable":true,"href":"https:\/\/www.europesays.com\/se\/wp-json\/wp\/v2\/media\/134718"}],"wp:attachment":[{"href":"https:\/\/www.europesays.com\/se\/wp-json\/wp\/v2\/media?parent=134717"}],"wp:term":[{"taxonomy":"category","embeddable":true,"href":"https:\/\/www.europesays.com\/se\/wp-json\/wp\/v2\/categories?post=134717"},{"taxonomy":"post_tag","embeddable":true,"href":"https:\/\/www.europesays.com\/se\/wp-json\/wp\/v2\/tags?post=134717"}],"curies":[{"name":"wp","href":"https:\/\/api.w.org\/{rel}","templated":true}]}}