{"id":134734,"date":"2026-01-13T18:57:11","date_gmt":"2026-01-13T18:57:11","guid":{"rendered":"https:\/\/www.europesays.com\/se\/134734\/"},"modified":"2026-01-13T18:57:11","modified_gmt":"2026-01-13T18:57:11","slug":"spelet-bakom-kulisserna-darfor-sparkades-jorgen-jonsson-shl","status":"publish","type":"post","link":"https:\/\/www.europesays.com\/se\/134734\/","title":{"rendered":"Spelet bakom kulisserna \u2013 d\u00e4rf\u00f6r sparkades J\u00f6rgen J\u00f6nsson | SHL"},"content":{"rendered":"<p>Publicerad 13 jan 2026 kl 14.00Uppdaterad kl 14.15<\/p>\n<p>PremiumFyra dagar har g\u00e5tt sedan klubbikonen J\u00f6rgen J\u00f6nsson sparkades av F\u00e4rjestad \u2013 ett knappt halv\u00e5r in p\u00e5 det fyra \u00e5r l\u00e5nga avtalet.\u00a0<\/p>\n<p>Nu kan Expressen avsl\u00f6ja spelet bakom kulisserna.\u00a0<\/p>\n<p>\u2713 Maktspelet mellan tr\u00e4narna<\/p>\n<p>\u2713 Spelarnas missn\u00f6je\u00a0<\/p>\n<p>\u2713 Hemliga m\u00f6tet \u2013 d\u00e5 togs beslutet\u00a0<\/p>\n<p>\u2713 S\u00e5 mycket kostar det F\u00e4rjestad<\/p>\n<p><img   alt=\"\"\/>\u00d6ppna bild i helsk\u00e4rm<\/p>\n","protected":false},"excerpt":{"rendered":"Publicerad 13 jan 2026 kl 14.00Uppdaterad kl 14.15 PremiumFyra dagar har g\u00e5tt sedan klubbikonen J\u00f6rgen J\u00f6nsson sparkades av&hellip;\n","protected":false},"author":2,"featured_media":134735,"comment_status":"","ping_status":"","sticky":false,"template":"","format":"standard","meta":{"footnotes":""},"categories":[5],"tags":[22,23,26,27,17,21,24,25,28,29,15,16,2939,13642,13640,13641,103,18,34,255,823,31,33,32,30,19,20],"class_list":{"0":"post-134734","1":"post","2":"type-post","3":"status-publish","4":"format-standard","5":"has-post-thumbnail","7":"category-rubriker","8":"tag-breaking-news","9":"tag-breakingnews","10":"tag-featured-news","11":"tag-featurednews","12":"tag-headlines","13":"tag-huvudnyheter","14":"tag-latest-news","15":"tag-latestnews","16":"tag-main-news","17":"tag-mainnews","18":"tag-news","19":"tag-nyheter","20":"tag-organization-farjestad-bk","21":"tag-person-cam-abbott","22":"tag-person-jorgen-jonsson","23":"tag-person-rickard-wallin","24":"tag-premium","25":"tag-rubriker","26":"tag-se","27":"tag-sections-ishockey","28":"tag-sections-shl","29":"tag-svenska","30":"tag-sverige","31":"tag-sweden","32":"tag-swedish","33":"tag-top-stories","34":"tag-topstories"},"share_on_mastodon":{"url":"https:\/\/pubeurope.com\/@se\/115889323565072410","error":""},"_links":{"self":[{"href":"https:\/\/www.europesays.com\/se\/wp-json\/wp\/v2\/posts\/134734","targetHints":{"allow":["GET"]}}],"collection":[{"href":"https:\/\/www.europesays.com\/se\/wp-json\/wp\/v2\/posts"}],"about":[{"href":"https:\/\/www.europesays.com\/se\/wp-json\/wp\/v2\/types\/post"}],"author":[{"embeddable":true,"href":"https:\/\/www.europesays.com\/se\/wp-json\/wp\/v2\/users\/2"}],"replies":[{"embeddable":true,"href":"https:\/\/www.europesays.com\/se\/wp-json\/wp\/v2\/comments?post=134734"}],"version-history":[{"count":0,"href":"https:\/\/www.europesays.com\/se\/wp-json\/wp\/v2\/posts\/134734\/revisions"}],"wp:featuredmedia":[{"embeddable":true,"href":"https:\/\/www.europesays.com\/se\/wp-json\/wp\/v2\/media\/134735"}],"wp:attachment":[{"href":"https:\/\/www.europesays.com\/se\/wp-json\/wp\/v2\/media?parent=134734"}],"wp:term":[{"taxonomy":"category","embeddable":true,"href":"https:\/\/www.europesays.com\/se\/wp-json\/wp\/v2\/categories?post=134734"},{"taxonomy":"post_tag","embeddable":true,"href":"https:\/\/www.europesays.com\/se\/wp-json\/wp\/v2\/tags?post=134734"}],"curies":[{"name":"wp","href":"https:\/\/api.w.org\/{rel}","templated":true}]}}