{"id":134736,"date":"2026-01-13T18:59:07","date_gmt":"2026-01-13T18:59:07","guid":{"rendered":"https:\/\/www.europesays.com\/se\/134736\/"},"modified":"2026-01-13T18:59:07","modified_gmt":"2026-01-13T18:59:07","slug":"varldscup-i-ulricehamn-tour-de-ski-i-tre-lander","status":"publish","type":"post","link":"https:\/\/www.europesays.com\/se\/134736\/","title":{"rendered":"V\u00e4rldscup i Ulricehamn \u2013 Tour de Ski i tre l\u00e4nder"},"content":{"rendered":"<p class=\"sc-c25743f0-0 sc-e37c0145-2 hObFds DQgPn\">Fis har godk\u00e4nt det prelimin\u00e4ra t\u00e4vlingsprogrammet f\u00f6r kommande s\u00e4song. V\u00e4rldscupt\u00e4vlingarna i Ulricehamn blir de enda p\u00e5 svensk mark f\u00f6r l\u00e4ngdskid\u00e5karna, eftersom Falun i st\u00e4llet \u00e4r v\u00e4rd f\u00f6r VM 22 februari\u20137 mars.<\/p>\n<p class=\"sc-c25743f0-0 sc-e37c0145-2 hObFds DQgPn\">Ulricehamn har tidigare arrangerat v\u00e4rldscupt\u00e4vlingar 2017, 2019 och 2021.<\/p>\n<p class=\"sc-c25743f0-0 sc-e37c0145-2 hObFds DQgPn\">Det som sticker ut i t\u00e4vlingskalendern \u00e4r ocks\u00e5 att Tour de Ski kommer att avg\u00f6ras p\u00e5 delvis nya orter \u2013 och i tre l\u00e4nder. Touren ska inledas i franska Les Rousses, forts\u00e4tta i tyska Oberstdorf och sedan avslutas traditionsenligt i italienska Val di Fiemme med bland annat kl\u00e4ttringen uppf\u00f6r Alpe Cermis.<\/p>\n","protected":false},"excerpt":{"rendered":"Fis har godk\u00e4nt det prelimin\u00e4ra t\u00e4vlingsprogrammet f\u00f6r kommande s\u00e4song. V\u00e4rldscupt\u00e4vlingarna i Ulricehamn blir de enda p\u00e5 svensk mark&hellip;\n","protected":false},"author":2,"featured_media":134737,"comment_status":"","ping_status":"","sticky":false,"template":"","format":"standard","meta":{"footnotes":""},"categories":[68],"tags":[34,111,110,31,33,32,30],"class_list":{"0":"post-134736","1":"post","2":"type-post","3":"status-publish","4":"format-standard","5":"has-post-thumbnail","7":"category-sport","8":"tag-se","9":"tag-sport","10":"tag-sports","11":"tag-svenska","12":"tag-sverige","13":"tag-sweden","14":"tag-swedish"},"share_on_mastodon":{"url":"https:\/\/pubeurope.com\/@se\/115889331422721505","error":""},"_links":{"self":[{"href":"https:\/\/www.europesays.com\/se\/wp-json\/wp\/v2\/posts\/134736","targetHints":{"allow":["GET"]}}],"collection":[{"href":"https:\/\/www.europesays.com\/se\/wp-json\/wp\/v2\/posts"}],"about":[{"href":"https:\/\/www.europesays.com\/se\/wp-json\/wp\/v2\/types\/post"}],"author":[{"embeddable":true,"href":"https:\/\/www.europesays.com\/se\/wp-json\/wp\/v2\/users\/2"}],"replies":[{"embeddable":true,"href":"https:\/\/www.europesays.com\/se\/wp-json\/wp\/v2\/comments?post=134736"}],"version-history":[{"count":0,"href":"https:\/\/www.europesays.com\/se\/wp-json\/wp\/v2\/posts\/134736\/revisions"}],"wp:featuredmedia":[{"embeddable":true,"href":"https:\/\/www.europesays.com\/se\/wp-json\/wp\/v2\/media\/134737"}],"wp:attachment":[{"href":"https:\/\/www.europesays.com\/se\/wp-json\/wp\/v2\/media?parent=134736"}],"wp:term":[{"taxonomy":"category","embeddable":true,"href":"https:\/\/www.europesays.com\/se\/wp-json\/wp\/v2\/categories?post=134736"},{"taxonomy":"post_tag","embeddable":true,"href":"https:\/\/www.europesays.com\/se\/wp-json\/wp\/v2\/tags?post=134736"}],"curies":[{"name":"wp","href":"https:\/\/api.w.org\/{rel}","templated":true}]}}