{"id":134738,"date":"2026-01-13T19:01:14","date_gmt":"2026-01-13T19:01:14","guid":{"rendered":"https:\/\/www.europesays.com\/se\/134738\/"},"modified":"2026-01-13T19:01:14","modified_gmt":"2026-01-13T19:01:14","slug":"da-kan-samsung-galaxy-s26-serien-finnas-i-butik","status":"publish","type":"post","link":"https:\/\/www.europesays.com\/se\/134738\/","title":{"rendered":"D\u00e5 kan Samsung Galaxy S26-serien finnas i butik"},"content":{"rendered":"<p class=\"kicker t20 font-Raleway\" style=\"\">Samsung f\u00f6rbereder Galaxy S26-serien<\/p>\n<p>\n        Galaxy S26 enligt l\u00e4ckaren Onleaks och Android Headline.<\/p>\n<p>    Samsung Galaxy S26\u2011serien ser ut att lanseras den 25 februari, och om uppgifterna st\u00e4mmer b\u00f6rjar f\u00f6rs\u00e4ljningen i Europa i mitten av mars.<\/p>\n<p>Samsung v\u00e4ntas presentera\u00a0Galaxy\u00a0S26\u2011serien den 25 februari 2026, enligt flera rapporter fr\u00e5n branschen. Kort d\u00e4refter kan de nya modellerna n\u00e5 de europeiska butikshyllorna. Franska publikationen\u00a0<a href=\"https:\/\/www.dealabs.com\/magazine\/samsung-galaxy-s26-series-on-vous-devoile-la-date-de-sortie-60832 \" target=\"_blank\" rel=\"nofollow noopener\">Dealabs\u00a0<\/a>uppger att f\u00f6rs\u00e4ljningsstarten \u00e4r planerad till den 11 mars, och det s\u00e4gs att\u00a0datumet g\u00e4ller f\u00f6r\u00a0Galaxy\u00a0S26, S26 Plus och S26 Ultra,\u00a0samt att lanseringen sannolikt omfattar hela Europa och inte enbart Frankrike.\u00a0<\/p>\n<p>Om tidplanen st\u00e4mmer inneb\u00e4r det att Samsung f\u00f6ljer sitt vanliga m\u00f6nster med en presentation strax f\u00f6re v\u00e5ren och en f\u00f6rs\u00e4ljningsstart n\u00e5gra veckor senare, om \u00e4n med ett par veckors f\u00f6rsening j\u00e4mf\u00f6rt med tidigare \u00e5r.\u00a0Uppgifterna \u00e4r \u00e4nnu inte officiellt bekr\u00e4ftade av Samsung, men ger en tydlig bild av n\u00e4r marknaden kan f\u00f6rv\u00e4nta sig att m\u00f6ta f\u00f6retagets nya flaggskepp.\u00a0<\/p>\n","protected":false},"excerpt":{"rendered":"Samsung f\u00f6rbereder Galaxy S26-serien Galaxy S26 enligt l\u00e4ckaren Onleaks och Android Headline. Samsung Galaxy S26\u2011serien ser ut att&hellip;\n","protected":false},"author":2,"featured_media":67928,"comment_status":"","ping_status":"","sticky":false,"template":"","format":"standard","meta":{"footnotes":""},"categories":[66],"tags":[80,78,79,34,31,33,32,30,81,84,83,82],"class_list":{"0":"post-134738","1":"post","2":"type-post","3":"status-publish","4":"format-standard","5":"has-post-thumbnail","7":"category-vetenskap-och-teknik","8":"tag-science","9":"tag-science-and-technology","10":"tag-scienceandtechnology","11":"tag-se","12":"tag-svenska","13":"tag-sverige","14":"tag-sweden","15":"tag-swedish","16":"tag-technology","17":"tag-teknik","18":"tag-vetenskap","19":"tag-vetenskapteknik"},"share_on_mastodon":{"url":"https:\/\/pubeurope.com\/@se\/115889339534287993","error":""},"_links":{"self":[{"href":"https:\/\/www.europesays.com\/se\/wp-json\/wp\/v2\/posts\/134738","targetHints":{"allow":["GET"]}}],"collection":[{"href":"https:\/\/www.europesays.com\/se\/wp-json\/wp\/v2\/posts"}],"about":[{"href":"https:\/\/www.europesays.com\/se\/wp-json\/wp\/v2\/types\/post"}],"author":[{"embeddable":true,"href":"https:\/\/www.europesays.com\/se\/wp-json\/wp\/v2\/users\/2"}],"replies":[{"embeddable":true,"href":"https:\/\/www.europesays.com\/se\/wp-json\/wp\/v2\/comments?post=134738"}],"version-history":[{"count":0,"href":"https:\/\/www.europesays.com\/se\/wp-json\/wp\/v2\/posts\/134738\/revisions"}],"wp:featuredmedia":[{"embeddable":true,"href":"https:\/\/www.europesays.com\/se\/wp-json\/wp\/v2\/media\/67928"}],"wp:attachment":[{"href":"https:\/\/www.europesays.com\/se\/wp-json\/wp\/v2\/media?parent=134738"}],"wp:term":[{"taxonomy":"category","embeddable":true,"href":"https:\/\/www.europesays.com\/se\/wp-json\/wp\/v2\/categories?post=134738"},{"taxonomy":"post_tag","embeddable":true,"href":"https:\/\/www.europesays.com\/se\/wp-json\/wp\/v2\/tags?post=134738"}],"curies":[{"name":"wp","href":"https:\/\/api.w.org\/{rel}","templated":true}]}}