{"id":134741,"date":"2026-01-13T19:04:20","date_gmt":"2026-01-13T19:04:20","guid":{"rendered":"https:\/\/www.europesays.com\/se\/134741\/"},"modified":"2026-01-13T19:04:20","modified_gmt":"2026-01-13T19:04:20","slug":"sd-politiker-atalas-sitter-kvar-pa-sin-post","status":"publish","type":"post","link":"https:\/\/www.europesays.com\/se\/134741\/","title":{"rendered":"SD-politiker \u00e5talas \u2013\nsitter kvar p\u00e5 sin post"},"content":{"rendered":"<p>Publicerad 13 jan 2026 kl 14.34Uppdaterad kl 17.48<\/p>\n<p>SD-kommunpolitikern ska ha stoppat handen innanf\u00f6r byxorna och gjort \u201den r\u00f6relse fram och tillbaka med handen\u201d inf\u00f6r tv\u00e5 kvinnor.<\/p>\n<p>Nu \u00e5talas mannen, som \u00e4r hemmah\u00f6rande i norra Sverige, f\u00f6r f\u00f6rargelsev\u00e4ckande beteende, rapporterar nyhetsbyr\u00e5n Siren.<\/p>\n<p>Han l\u00e4mnar samtidigt alla sina uppdrag.<\/p>\n<p>Senaste nyhetsklippen fr\u00e5n Expressen.<img   alt=\"\"\/><\/p>\n<p>En SD-politiker i norra Sveriges \u00e5talas f\u00f6r f\u00f6rargelsev\u00e4ckande beteende.<\/p>\n<p>Foto: Johan Nilsson \/ TT NYHETSBYR\u00c5N<\/p>\n<p>\u00d6ppna bild i helsk\u00e4rm<\/p>\n<p>Det var i april 2025 som h\u00e4ndelsen intr\u00e4ffade. Kvinnorna hade precis tr\u00e4ffat mannen n\u00e4r han stoppade ner handen innanf\u00f6r sina byxor och b\u00f6rjade g\u00f6ra en fram-och-tillbaka-r\u00f6relse med handen \u2013 mitt ute p\u00e5 gatan invid ett elsk\u00e5p, enligt \u00e5talet.<\/p>\n<p>Kvinnorna valde att polisanm\u00e4la SD-politikern, som f\u00f6rst utreddes f\u00f6r sexuellt ofredande. Rubriceringen har d\u00e4refter \u00e4ndrats till f\u00f6rargelsev\u00e4ckande beteende, som g\u00e4ller handlingar som v\u00e4cker anst\u00f6t p\u00e5 offentlig plats.<\/p>\n<p>I f\u00f6rh\u00f6r ber\u00e4ttar kvinnorna att de k\u00e4nde stort obehag \u00f6ver mannens tilltag.<\/p>\n<p>SD-politikern nekar till brott och beskriver det hela som \u201dabsurt\u201d, enligt Siren.<\/p>\n<p>F\u00f6rra veckan v\u00e4ckte tingsr\u00e4tten \u00e5tal mot SD-politikern, som hade uppdrag i partiet fram till att \u00e5talet kom till partiets k\u00e4nnedom p\u00e5 tisdagen.<\/p>\n<p>Nu ska mannen ha \u201davsagt sig samtliga f\u00f6rtroendeuppdrag och kandidatur\u201d, enligt Ludvig Grufman, pressekreterare hos Sverigedemokraterna.<\/p>\n","protected":false},"excerpt":{"rendered":"Publicerad 13 jan 2026 kl 14.34Uppdaterad kl 17.48 SD-kommunpolitikern ska ha stoppat handen innanf\u00f6r byxorna och gjort \u201den&hellip;\n","protected":false},"author":2,"featured_media":134742,"comment_status":"","ping_status":"","sticky":false,"template":"","format":"standard","meta":{"footnotes":""},"categories":[12],"tags":[22,23,26,27,17,21,24,25,212,28,29,15,16,18,34,583,31,33,32,30,19,20],"class_list":{"0":"post-134741","1":"post","2":"type-post","3":"status-publish","4":"format-standard","5":"has-post-thumbnail","7":"category-sverige","8":"tag-breaking-news","9":"tag-breakingnews","10":"tag-featured-news","11":"tag-featurednews","12":"tag-headlines","13":"tag-huvudnyheter","14":"tag-latest-news","15":"tag-latestnews","16":"tag-location-sverige","17":"tag-main-news","18":"tag-mainnews","19":"tag-news","20":"tag-nyheter","21":"tag-rubriker","22":"tag-se","23":"tag-sections-politik","24":"tag-svenska","25":"tag-sverige","26":"tag-sweden","27":"tag-swedish","28":"tag-top-stories","29":"tag-topstories"},"share_on_mastodon":{"url":"https:\/\/pubeurope.com\/@se\/115889351108409087","error":""},"_links":{"self":[{"href":"https:\/\/www.europesays.com\/se\/wp-json\/wp\/v2\/posts\/134741","targetHints":{"allow":["GET"]}}],"collection":[{"href":"https:\/\/www.europesays.com\/se\/wp-json\/wp\/v2\/posts"}],"about":[{"href":"https:\/\/www.europesays.com\/se\/wp-json\/wp\/v2\/types\/post"}],"author":[{"embeddable":true,"href":"https:\/\/www.europesays.com\/se\/wp-json\/wp\/v2\/users\/2"}],"replies":[{"embeddable":true,"href":"https:\/\/www.europesays.com\/se\/wp-json\/wp\/v2\/comments?post=134741"}],"version-history":[{"count":0,"href":"https:\/\/www.europesays.com\/se\/wp-json\/wp\/v2\/posts\/134741\/revisions"}],"wp:featuredmedia":[{"embeddable":true,"href":"https:\/\/www.europesays.com\/se\/wp-json\/wp\/v2\/media\/134742"}],"wp:attachment":[{"href":"https:\/\/www.europesays.com\/se\/wp-json\/wp\/v2\/media?parent=134741"}],"wp:term":[{"taxonomy":"category","embeddable":true,"href":"https:\/\/www.europesays.com\/se\/wp-json\/wp\/v2\/categories?post=134741"},{"taxonomy":"post_tag","embeddable":true,"href":"https:\/\/www.europesays.com\/se\/wp-json\/wp\/v2\/tags?post=134741"}],"curies":[{"name":"wp","href":"https:\/\/api.w.org\/{rel}","templated":true}]}}