{"id":134743,"date":"2026-01-13T19:05:13","date_gmt":"2026-01-13T19:05:13","guid":{"rendered":"https:\/\/www.europesays.com\/se\/134743\/"},"modified":"2026-01-13T19:05:13","modified_gmt":"2026-01-13T19:05:13","slug":"klart-16-okning-av-byggutbildningar-byggforetagen","status":"publish","type":"post","link":"https:\/\/www.europesays.com\/se\/134743\/","title":{"rendered":"Klart: 16% \u00f6kning av byggutbildningar &#8211; Byggf\u00f6retagen"},"content":{"rendered":"<ol>\n<li><a href=\"https:\/\/news.google.com\/rss\/articles\/CBMieEFVX3lxTE15Q3hiUXYtV3hzdUpIWWVTNV94ZzNCQ1dHd1EtR29jaHI4clU0akZCMFhGNUt1eU5uUGZoOVp6RFpZaThoQjY1a2tLSGxJbmZFN2ducldON2hqZ1N6TmdzeW13S3dHZUNVOGFmOEdndTJFSjNYRmthXw?oc=5\" target=\"_blank\" rel=\"nofollow noopener\">Klart: 16% \u00f6kning av byggutbildningar<\/a>&nbsp;&nbsp;Byggf\u00f6retagen<\/li>\n<li><a href=\"https:\/\/news.google.com\/rss\/articles\/CBMi0gFBVV95cUxQY3RCZ2NtcTBVU1BFQzh5X0kyaVVfOUp4empBQW5waHNOOWVSQkxfSTRFZ1l3X1FFYnhlcURQS2FMVjczZjVFTDFSX3B4YXhhb3JGZWhnY1oyYVNJQU1hc2xKeldCXzgyYnd4eXA2LU1oYXRQUGZ4bnNNRjFkTlZYSWl1OW9wZUhidERvc1I4V1R0NXYyY1QzV1NDdGhudHFKbDUtTU1XalhXQ0dXcVptcWJsQjVfcFp2bzBZQVZfRVAzb3N6Q25MdTRmWFZtWk9Ja1E?oc=5\" target=\"_blank\" rel=\"nofollow noopener\">Folkuniversitetet beviljas starta 19 nya yrkesh\u00f6gskoleutbildningar<\/a>&nbsp;&nbsp;Via TT<\/li>\n<li><a href=\"https:\/\/news.google.com\/rss\/articles\/CBMinwFBVV95cUxORk9qajhGLXZyLVFjcEhISC1WX0xBYXlsSEk4aktlS1dGUkxEdWdYTllPZmlkb2x4N2VUN0k5alp4VjQtMm4zVGN4WXM1SFpVMUhVRVpvalJSd09neTA2Q1lvNFNYVXB3SmlrelE4dGp5cjRBWjcybjdoWnZhWWxEeDhSZVVLUC1IMGFNdUtqYjFoTjlYRlNuTzZER2Nub3M?oc=5\" target=\"_blank\" rel=\"nofollow noopener\">Yrkesh\u00f6gskolorna v\u00e4xer \u2013 s\u00e4kerhetsutbildningar \u00f6kar<\/a>&nbsp;&nbsp;Sveriges Radio<\/li>\n<li><a href=\"https:\/\/news.google.com\/rss\/articles\/CBMie0FVX3lxTE9NSXEtMkdKdlBnNThnTmFjci1VTlR0N3J2SldEUzdNMjdPVnhLV0szdThjakJmUXJKVm5uc2lJeC02QTlGWTUtSHpvSmNiUDlWSnd3Z0dUN0VHYmNhVHc3VGY2ZXlQWG40RHQ4cU5Lb1p0UVhBcTUtUERkRQ?oc=5\" target=\"_blank\" rel=\"nofollow noopener\">It-utbildningar skrotas &#8211; sv\u00e5rare att f\u00e5 jobb<\/a>&nbsp;&nbsp;SvD<\/li>\n<li><a href=\"https:\/\/news.google.com\/rss\/articles\/CBMinAFBVV95cUxQSFJxNm50ZTdwTWZrM25peEpIRzJHRjZmbUx4al9vd3NZTG9wMERNUWRGSVA2WGliMURselZ3VWgxblNuOTl5eW1NOHZhSV9fOG0wR3hTYVBnQkhqc2dBWklDOC1NNDZMQU1XU3hySFNGSUZjcWJHSE5Pamp2emJWVnUxSE5TVnpxbm11T0FMNnNxRTlSUk04YmFUVnU?oc=5\" target=\"_blank\" rel=\"nofollow noopener\">Ny utbildning inom beredskap och s\u00e4kerhet till Campus V\u00e4rnamo<\/a>&nbsp;&nbsp;Hem &#8211; V\u00e4rnamo<\/li>\n<\/ol>\n","protected":false},"excerpt":{"rendered":"Klart: 16% \u00f6kning av byggutbildningar&nbsp;&nbsp;Byggf\u00f6retagen Folkuniversitetet beviljas starta 19 nya yrkesh\u00f6gskoleutbildningar&nbsp;&nbsp;Via TT Yrkesh\u00f6gskolorna v\u00e4xer \u2013 s\u00e4kerhetsutbildningar \u00f6kar&nbsp;&nbsp;Sveriges Radio&hellip;\n","protected":false},"author":2,"featured_media":27004,"comment_status":"","ping_status":"","sticky":false,"template":"","format":"standard","meta":{"footnotes":""},"categories":[5],"tags":[22,23,26,27,17,21,24,25,28,29,15,16,18,34,31,33,32,30,19,20],"class_list":{"0":"post-134743","1":"post","2":"type-post","3":"status-publish","4":"format-standard","5":"has-post-thumbnail","7":"category-rubriker","8":"tag-breaking-news","9":"tag-breakingnews","10":"tag-featured-news","11":"tag-featurednews","12":"tag-headlines","13":"tag-huvudnyheter","14":"tag-latest-news","15":"tag-latestnews","16":"tag-main-news","17":"tag-mainnews","18":"tag-news","19":"tag-nyheter","20":"tag-rubriker","21":"tag-se","22":"tag-svenska","23":"tag-sverige","24":"tag-sweden","25":"tag-swedish","26":"tag-top-stories","27":"tag-topstories"},"share_on_mastodon":{"url":"https:\/\/pubeurope.com\/@se\/115889355011500423","error":""},"_links":{"self":[{"href":"https:\/\/www.europesays.com\/se\/wp-json\/wp\/v2\/posts\/134743","targetHints":{"allow":["GET"]}}],"collection":[{"href":"https:\/\/www.europesays.com\/se\/wp-json\/wp\/v2\/posts"}],"about":[{"href":"https:\/\/www.europesays.com\/se\/wp-json\/wp\/v2\/types\/post"}],"author":[{"embeddable":true,"href":"https:\/\/www.europesays.com\/se\/wp-json\/wp\/v2\/users\/2"}],"replies":[{"embeddable":true,"href":"https:\/\/www.europesays.com\/se\/wp-json\/wp\/v2\/comments?post=134743"}],"version-history":[{"count":0,"href":"https:\/\/www.europesays.com\/se\/wp-json\/wp\/v2\/posts\/134743\/revisions"}],"wp:featuredmedia":[{"embeddable":true,"href":"https:\/\/www.europesays.com\/se\/wp-json\/wp\/v2\/media\/27004"}],"wp:attachment":[{"href":"https:\/\/www.europesays.com\/se\/wp-json\/wp\/v2\/media?parent=134743"}],"wp:term":[{"taxonomy":"category","embeddable":true,"href":"https:\/\/www.europesays.com\/se\/wp-json\/wp\/v2\/categories?post=134743"},{"taxonomy":"post_tag","embeddable":true,"href":"https:\/\/www.europesays.com\/se\/wp-json\/wp\/v2\/tags?post=134743"}],"curies":[{"name":"wp","href":"https:\/\/api.w.org\/{rel}","templated":true}]}}