{"id":134750,"date":"2026-01-13T19:12:17","date_gmt":"2026-01-13T19:12:17","guid":{"rendered":"https:\/\/www.europesays.com\/se\/134750\/"},"modified":"2026-01-13T19:12:17","modified_gmt":"2026-01-13T19:12:17","slug":"kommunen-forbereder-for-nasta-snofall-kor-bort-sno","status":"publish","type":"post","link":"https:\/\/www.europesays.com\/se\/134750\/","title":{"rendered":"Kommunen f\u00f6rbereder f\u00f6r n\u00e4sta sn\u00f6fall \u2013 k\u00f6r bort sn\u00f6"},"content":{"rendered":"<p class=\"ort\">Tyres\u00f6<\/p>\n<p class=\"text\">Vintern b\u00f6rjade mild och sn\u00f6fattig och innan jul hade det bara beh\u00f6vts sn\u00f6r\u00f6jas en g\u00e5ng i kommunen. Sedan kom sn\u00f6ov\u00e4dret in \u00f6ver Tyres\u00f6 med decimeter efter decimeter med sn\u00f6. <\/p>\n<p class=\"text\">\u2013\u00a0Det har kommit dryga halvmetern sn\u00f6 sedan det b\u00f6rjade sn\u00f6a i mellandagarna fram till nu. Det har varit j\u00e4tteintensivt stundtals och maskinerna och personalen har ju g\u00e5tt n\u00e4ra p\u00e5 dygnet runt, men det \u00e4r i m\u00e5ngt och mycket bara att tugga i sig och k\u00e4mpa p\u00e5, s\u00e4ger Tony Ytterstedt, gatuchef p\u00e5 kommunen, i b\u00f6rjan av veckan. <\/p>\n<p>L\u00e4ttare att r\u00f6ja \u00e4n 2022<\/p>\n<p class=\"text\">Det var flera \u00e5r sedan det f\u00f6ll s\u00e5 mycket sn\u00f6 p\u00e5 kort tid. Senast j\u00e4mf\u00f6rbara sn\u00f6situationen var vinterstarten \u00e5r 2022.<\/p>\n<p class=\"text\">\u2013\u00a0D\u00e5 f\u00f6ll det runt 40 centimeter p\u00e5 fyra dygn. <\/p>\n<p class=\"text\">Som mest arbetar nu runt 35 maskiner med sn\u00f6r\u00f6jningen.<\/p>\n<p class=\"text\">\u2013 Vi dimensionerar sn\u00f6r\u00f6jningen utifr\u00e5n en normalvinter med \u00e5tta dagar av fulla p\u00e5drag, d\u00e5 samtliga maskiner \u00e4r ute och arbetar samtidigt. Det har vi \u00f6verskridit, s\u00e4ger Tony Ytterstedt.<\/p>\n<p class=\"faktarubrik\">S\u00e5 prioriterar kommunen<\/p>\n<p class=\"fakta\">N\u00e4r det \u00e4r cirka 5 centimeters sn\u00f6djup b\u00f6rjar kommunen sn\u00f6r\u00f6jningen av bussv\u00e4gar och g\u00e5ng- och cykelbanor och efter det \u00f6vriga v\u00e4gar.<\/p>\n<p class=\"fakta\">Senast 15 timmar efter ett normalt sn\u00f6fall har upph\u00f6rt ska det g\u00e5 att komma fram p\u00e5 samtliga v\u00e4gar.<\/p>\n<p class=\"fakta\">Vid extremt sn\u00f6fall kan det ta l\u00e4ngre tid.<\/p>\n<p class=\"fakta\">N\u00e4r det \u00e4r mycket att g\u00f6ra prioriteras v\u00e4gar med busstrafik, branta backar och g\u00e5ng- och cykelv\u00e4gar i centrumomr\u00e5dena. Sist i prioriteringsordningen vid mycket rikligt sn\u00f6fall \u00e4r tv\u00e4rgator och villagator.<\/p>\n<p class=\"fakta\">Kommunen sn\u00f6r\u00f6jer inte alla v\u00e4gar, vissa har tex. bostadsr\u00e4ttsf\u00f6reningar och samf\u00e4lligheter ansvar f\u00f6r. <\/p>\n<p class=\"faktakalla\">K\u00e4lla: Tyres\u00f6 kommun<\/p>\n<p class=\"text\">Men sn\u00f6n har den h\u00e4r g\u00e5ngen varit l\u00e4ttare att r\u00f6ja, anser Tony Ytterstedt.<\/p>\n<p class=\"text\">\u2013\u00a0Vi har haft kyligare temperaturer under de h\u00e4r sn\u00f6fallsdagarna vilket gett oss torrare sn\u00f6 som inte \u00e4r lika tung och ohanterlig. <\/p>\n<p class=\"text\">Hur har sn\u00f6r\u00f6jningen g\u00e5tt, tycker du?<\/p>\n<p class=\"text\">\u2013 Vi har kunnat ploga undan hyfsat v\u00e4l. Vi \u00e4r glada att det trots allt har g\u00e5tt s\u00e5 bra med framkomligheten runt om i kommunen. Hittills den h\u00e4r vintern har vi inte beh\u00f6vt st\u00e4lla om och ta maskiner fr\u00e5n villaomr\u00e5den f\u00f6r att till exempel kunna h\u00e5lla huvudv\u00e4gar uppe, utan vi har kunnat ha kvar samtliga maskiner och k\u00f6ra fullt ut i alla omr\u00e5den.<\/p>\n<p class=\"citat\">Maskinerna och personalen har ju g\u00e5tt n\u00e4ra p\u00e5 dygnet runt.<\/p>\n<p class=\"text\">Enstaka omr\u00e5den, som till exempel Dyvik p\u00e5 Brevik, fick dock v\u00e4nta n\u00e5gra dagar p\u00e5 r\u00f6jning efter att de f\u00f6rsta stora sn\u00f6m\u00e4ngderna f\u00f6ll under \u00e5rets f\u00f6rsta helg.<\/p>\n<p class=\"text\">\u2013\u00a0Det var tyv\u00e4rr en del tr\u00e4d som har fallit p\u00e5 v\u00e4gar som beh\u00f6vdes tas bort innan vi kunde komma fram.<\/p>\n<p><img decoding=\"async\" class=\"Image Image_\" src=\"\" data-aghref=\"http:\/\/www.mitti.se\/image-3.322610.271672.20260113135830.1.848e30235d\" data-agimagetype=\"hardcrop\" alt=\"Tony Ytterstedt, gatuchef.\"\/><\/p>\n<p class=\"Caption\">Tony Ytterstedt, gatuchef.<\/p>\n<p class=\"Source\">Sandra Samppala<\/p>\n<p>Sn\u00f6 k\u00f6rs bort till \u00e4ng<\/p>\n<p class=\"text\">N\u00e4r Mitt i Tyres\u00f6 pratar med Tony Ytterstedt arbetar sn\u00f6r\u00f6jarna med det som kommer efter det mest akuta \u2013 att f\u00e5 undan sn\u00f6n. <\/p>\n<p class=\"text\">Med en isrivare har till exempel sn\u00f6modd tagits bort p\u00e5 de st\u00f6rre lokalgatorna.<\/p>\n<p class=\"text\">\u2013\u00a0P\u00e5 vissa v\u00e4gar med intensiv biltrafik packas sn\u00f6n s\u00e5 det blir sv\u00e5rare att ta bort den p\u00e5 vanligt s\u00e4tt, vid mildare v\u00e4der har vi passat p\u00e5 med isrivaren.<\/p>\n<p class=\"text\">Sn\u00f6 samlas ocks\u00e5 i lastbilar och k\u00f6rs till det s\u00e5 kallade sn\u00f6deponist\u00e4llet vid en \u00e4ng vid Nyforsv\u00e4gen.<\/p>\n<p class=\"text\">\u2013\u00a0Vi breddar v\u00e4garna och v\u00e5ra omr\u00e5den f\u00f6r att ha plats f\u00f6r mer sn\u00f6 n\u00e4r eller om den kommer.<\/p>\n<p class=\"text\">Att kommunen beh\u00f6ver k\u00f6ra bort sn\u00f6 h\u00e4nder l\u00e5ngt ifr\u00e5n varje vinter. \u00c4n s\u00e5 l\u00e4nge \u00e4r det inga problem att f\u00e5 plats p\u00e5 \u00e4ngen.<\/p>\n<p class=\"text\">\u2013\u00a0Det \u00e4r inte i n\u00e4rheten av vintern 2012, 2013 d\u00e5 vi mer eller mindre n\u00e4stan fyllde hela ytan.<\/p>\n<p><img decoding=\"async\" class=\"Image Image_\" src=\"\" data-aghref=\"http:\/\/www.mitti.se\/image-3.354745.271672.20260113135830.99bbb48dbb\" data-agimagetype=\"hardcrop\" alt=\"Fallna tr\u00e4d hindrade sn\u00f6r\u00f6jningsmaskinerna att n\u00e5 l\u00e4ngst ut p\u00e5 Brevikshalv\u00f6n de f\u00f6rsta dagarna.\"\/><\/p>\n<p class=\"Caption\">Fallna tr\u00e4d hindrade sn\u00f6r\u00f6jningsmaskinerna att n\u00e5 l\u00e4ngst ut p\u00e5 Brevikshalv\u00f6n de f\u00f6rsta dagarna.<\/p>\n<p class=\"Source\">Tyres\u00f6 kommun<\/p>\n<p class=\"faktarubrik\">S\u00f6ker tillst\u00e5nd f\u00f6r deponi<\/p>\n<p class=\"fakta\">Tyres\u00f6 kommun s\u00f6ker tillst\u00e5nd fr\u00e5n S\u00f6dert\u00f6rns milj\u00f6- och h\u00e4lsoskyddsf\u00f6rbund (SMOHF) inf\u00f6r varje sn\u00f6deponi och f\u00f6ljer deras milj\u00f6krav.<\/p>\n<p class=\"fakta\">Det inneb\u00e4r bland annat att sn\u00f6upplagen ska ligga s\u00e5 l\u00e5ngt som m\u00f6jligt fr\u00e5n dike eller annat vattendrag och att platsen inte f\u00e5r vara skyddad enligt milj\u00f6balken.<\/p>\n<p class=\"fakta\">Sn\u00f6sm\u00e4ltning f\u00e5r inte orsaka ol\u00e4genheter f\u00f6r m\u00e4nniskors h\u00e4lsa eller milj\u00f6n.<\/p>\n<p class=\"fakta\">Ett annat krav \u00e4r att omr\u00e5det varje \u00e5r, efter sn\u00f6sm\u00e4ltning, snarast ska st\u00e4das fr\u00e5n avfall och skr\u00e4p.<\/p>\n<p class=\"faktakalla\">K\u00e4lla: Tyres\u00f6 kommun<\/p>\n","protected":false},"excerpt":{"rendered":"Tyres\u00f6 Vintern b\u00f6rjade mild och sn\u00f6fattig och innan jul hade det bara beh\u00f6vts sn\u00f6r\u00f6jas en g\u00e5ng i kommunen.&hellip;\n","protected":false},"author":2,"featured_media":134751,"comment_status":"","ping_status":"","sticky":false,"template":"","format":"standard","meta":{"footnotes":""},"categories":[12],"tags":[22,23,26,27,17,21,24,25,28,29,15,16,18,34,31,33,32,30,19,20],"class_list":{"0":"post-134750","1":"post","2":"type-post","3":"status-publish","4":"format-standard","5":"has-post-thumbnail","7":"category-sverige","8":"tag-breaking-news","9":"tag-breakingnews","10":"tag-featured-news","11":"tag-featurednews","12":"tag-headlines","13":"tag-huvudnyheter","14":"tag-latest-news","15":"tag-latestnews","16":"tag-main-news","17":"tag-mainnews","18":"tag-news","19":"tag-nyheter","20":"tag-rubriker","21":"tag-se","22":"tag-svenska","23":"tag-sverige","24":"tag-sweden","25":"tag-swedish","26":"tag-top-stories","27":"tag-topstories"},"share_on_mastodon":{"url":"https:\/\/pubeurope.com\/@se\/115889382643345131","error":""},"_links":{"self":[{"href":"https:\/\/www.europesays.com\/se\/wp-json\/wp\/v2\/posts\/134750","targetHints":{"allow":["GET"]}}],"collection":[{"href":"https:\/\/www.europesays.com\/se\/wp-json\/wp\/v2\/posts"}],"about":[{"href":"https:\/\/www.europesays.com\/se\/wp-json\/wp\/v2\/types\/post"}],"author":[{"embeddable":true,"href":"https:\/\/www.europesays.com\/se\/wp-json\/wp\/v2\/users\/2"}],"replies":[{"embeddable":true,"href":"https:\/\/www.europesays.com\/se\/wp-json\/wp\/v2\/comments?post=134750"}],"version-history":[{"count":0,"href":"https:\/\/www.europesays.com\/se\/wp-json\/wp\/v2\/posts\/134750\/revisions"}],"wp:featuredmedia":[{"embeddable":true,"href":"https:\/\/www.europesays.com\/se\/wp-json\/wp\/v2\/media\/134751"}],"wp:attachment":[{"href":"https:\/\/www.europesays.com\/se\/wp-json\/wp\/v2\/media?parent=134750"}],"wp:term":[{"taxonomy":"category","embeddable":true,"href":"https:\/\/www.europesays.com\/se\/wp-json\/wp\/v2\/categories?post=134750"},{"taxonomy":"post_tag","embeddable":true,"href":"https:\/\/www.europesays.com\/se\/wp-json\/wp\/v2\/tags?post=134750"}],"curies":[{"name":"wp","href":"https:\/\/api.w.org\/{rel}","templated":true}]}}