{"id":134760,"date":"2026-01-13T19:21:10","date_gmt":"2026-01-13T19:21:10","guid":{"rendered":"https:\/\/www.europesays.com\/se\/134760\/"},"modified":"2026-01-13T19:21:10","modified_gmt":"2026-01-13T19:21:10","slug":"regionens-larm-ovanligt-manga-fall-av-papegojsjuka-i-halland","status":"publish","type":"post","link":"https:\/\/www.europesays.com\/se\/134760\/","title":{"rendered":"Regionens larm: Ovanligt m\u00e5nga fall av papegojsjuka i Halland"},"content":{"rendered":"<p>\u2013 Smittan kan leda till en allvarlig lunginflammation men man kan ocks\u00e5 drabbas av influensaliknande symptom som inte \u00e4r s\u00e5 allvarliga att man beh\u00f6ver upps\u00f6ka sjukv\u00e5rd, s\u00e4ger smittskyddsl\u00e4kare Maria Ryberg Mo, i ett pressmeddelande.<\/p>\n<p>Denna s\u00e4song har hittills fem fall uppt\u00e4ckts i Halland och ytterligare ett fall bed\u00f6ms ha smittats i l\u00e4net. Tidigare \u00e5r har det f\u00f6rekommit enstaka eller inga fall i Halland. <\/p>\n<p>\u00c4ven p\u00e5 andra h\u00e5ll l\u00e4ngst v\u00e4stkusten har fler personer smittats \u00e4n tidigare s\u00e4songer, enligt regionen. Varf\u00f6r smittan har \u00f6kat \u00e4r oklart.<\/p>\n","protected":false},"excerpt":{"rendered":"\u2013 Smittan kan leda till en allvarlig lunginflammation men man kan ocks\u00e5 drabbas av influensaliknande symptom som inte&hellip;\n","protected":false},"author":2,"featured_media":793,"comment_status":"","ping_status":"","sticky":false,"template":"","format":"standard","meta":{"footnotes":""},"categories":[5],"tags":[22,23,26,27,17,21,24,25,28,29,15,16,18,34,31,33,32,30,19,20],"class_list":{"0":"post-134760","1":"post","2":"type-post","3":"status-publish","4":"format-standard","5":"has-post-thumbnail","7":"category-rubriker","8":"tag-breaking-news","9":"tag-breakingnews","10":"tag-featured-news","11":"tag-featurednews","12":"tag-headlines","13":"tag-huvudnyheter","14":"tag-latest-news","15":"tag-latestnews","16":"tag-main-news","17":"tag-mainnews","18":"tag-news","19":"tag-nyheter","20":"tag-rubriker","21":"tag-se","22":"tag-svenska","23":"tag-sverige","24":"tag-sweden","25":"tag-swedish","26":"tag-top-stories","27":"tag-topstories"},"share_on_mastodon":{"url":"https:\/\/pubeurope.com\/@se\/115889417905929818","error":""},"_links":{"self":[{"href":"https:\/\/www.europesays.com\/se\/wp-json\/wp\/v2\/posts\/134760","targetHints":{"allow":["GET"]}}],"collection":[{"href":"https:\/\/www.europesays.com\/se\/wp-json\/wp\/v2\/posts"}],"about":[{"href":"https:\/\/www.europesays.com\/se\/wp-json\/wp\/v2\/types\/post"}],"author":[{"embeddable":true,"href":"https:\/\/www.europesays.com\/se\/wp-json\/wp\/v2\/users\/2"}],"replies":[{"embeddable":true,"href":"https:\/\/www.europesays.com\/se\/wp-json\/wp\/v2\/comments?post=134760"}],"version-history":[{"count":0,"href":"https:\/\/www.europesays.com\/se\/wp-json\/wp\/v2\/posts\/134760\/revisions"}],"wp:featuredmedia":[{"embeddable":true,"href":"https:\/\/www.europesays.com\/se\/wp-json\/wp\/v2\/media\/793"}],"wp:attachment":[{"href":"https:\/\/www.europesays.com\/se\/wp-json\/wp\/v2\/media?parent=134760"}],"wp:term":[{"taxonomy":"category","embeddable":true,"href":"https:\/\/www.europesays.com\/se\/wp-json\/wp\/v2\/categories?post=134760"},{"taxonomy":"post_tag","embeddable":true,"href":"https:\/\/www.europesays.com\/se\/wp-json\/wp\/v2\/tags?post=134760"}],"curies":[{"name":"wp","href":"https:\/\/api.w.org\/{rel}","templated":true}]}}