{"id":134761,"date":"2026-01-13T19:23:08","date_gmt":"2026-01-13T19:23:08","guid":{"rendered":"https:\/\/www.europesays.com\/se\/134761\/"},"modified":"2026-01-13T19:23:08","modified_gmt":"2026-01-13T19:23:08","slug":"mjallby-svarar-pa-uppgifter-om-kollapsad-affar","status":"publish","type":"post","link":"https:\/\/www.europesays.com\/se\/134761\/","title":{"rendered":"Mj\u00e4llby svarar p\u00e5 uppgifter om kollapsad aff\u00e4r"},"content":{"rendered":"<p><strong>Abdoulie Mannehs \u00f6verg\u00e5ng till Birmingham City uppges spricka.<br \/>Nu svara <a href=\"https:\/\/fotbolldirekt.se\/klubb\/mjallby-aif\/\" rel=\"nofollow noopener\" target=\"_blank\">Mj\u00e4llbys<\/a> klubbchef Jacob Lennartsson p\u00e5 uppgifterna f\u00f6r FotbollDirekt.<br \/>\u201dI detta l\u00e4ge kan vi varken bekr\u00e4fta om aff\u00e4ren blir av\u201d, f\u00f6rklarar Lennartsson.<\/strong><\/p>\n<p><strong><a href=\"https:\/\/fotbolldirekt.se\/spelare\/abdoulie-manneh\/\" rel=\"nofollow noopener\" target=\"_blank\">Abdoulie Manneh<\/a><\/strong> uppgavs i princip vara klar f\u00f6r Birmingham City i The Championship. FotbollDirekt kunde tidigare i veckan avsl\u00f6ja att Mj\u00e4llby-stj\u00e4rnan <a href=\"https:\/\/fotbolldirekt.se\/silly-season\/avslojar-mjallby-stjarnan-genomgar-lakarundersokning\/\" rel=\"nofollow noopener\" target=\"_blank\">genomg\u00e5tt en l\u00e4karunders\u00f6kning<\/a>.<\/p>\n<p>Under tisdagen kom sajten Football League World med uppgifterna att <a href=\"https:\/\/fotbolldirekt.se\/silly-season\/uppgifter-mannehs-overgang-till-birmingham-kollapsar\/\" rel=\"nofollow noopener\" target=\"_blank\">aff\u00e4ren med Birmingham har <strong>kollapsat<\/strong><\/a>. Det framg\u00e5r inte vad som ligger bakom.<\/p>\n<p>Nu bekr\u00e4ftar <strong>Mj\u00e4llbys klubbchef Jacob Lennartsson<\/strong>, f\u00f6r FD, att Manneh f\u00e5tt bes\u00f6ka en annan klubb.<\/p>\n<p>\u201dVi kan bekr\u00e4fta att Abdoulie Manneh f\u00e5tt till\u00e5telse att bes\u00f6ka en annan klubb f\u00f6r en potentiell \u00f6verg\u00e5ng.\u201d, skriver Lennartsson och forts\u00e4tter:<\/p>\n<p>\u201dI detta l\u00e4ge kan vi varken bekr\u00e4fta om aff\u00e4ren blir av, eller om den inte kommer bli av. D\u00e5 det p\u00e5g\u00e5r just nu f\u00f6rhandling mellan s\u00e5v\u00e4l klubbarna, samt mellan spelaren och k\u00f6pande klubb.\u201d<\/p>\n<p>Klubbchefen menar att det \u00e4ven finns en m\u00f6jlighet att gambiern blir kvar hos de svenska m\u00e4starna fr\u00e5n Blekinge.<\/p>\n<p>\u201dManneh \u00e4r en fantastisk fotbollsspelare. Antingen kommer han f\u00e5 en ny v\u00e4lf\u00f6rtj\u00e4nt utmaning i sin karri\u00e4r i en annan klubb, eller kommer han forts\u00e4tta representera Mj\u00e4llby AIF 2026. Vilket \u00e4ven det \u00e4r gl\u00e4djande ur flera perspektiv. Vi kommer \u00e5terkomma med mer information om det kommer finnas n\u00e5got mer att kommunicera.\u201d<\/p>\n<p><img loading=\"lazy\" decoding=\"async\" width=\"1024\" height=\"576\" src=\"https:\/\/www.europesays.com\/se\/wp-content\/uploads\/2026\/01\/Manneh-4-1024x576.jpg\" alt=\"\" class=\"wp-image-310864\"  \/>Foto: Bildbyr\u00e5n<\/p>\n","protected":false},"excerpt":{"rendered":"Abdoulie Mannehs \u00f6verg\u00e5ng till Birmingham City uppges spricka.Nu svara Mj\u00e4llbys klubbchef Jacob Lennartsson p\u00e5 uppgifterna f\u00f6r FotbollDirekt.\u201dI detta&hellip;\n","protected":false},"author":2,"featured_media":134762,"comment_status":"","ping_status":"","sticky":false,"template":"","format":"standard","meta":{"footnotes":""},"categories":[68],"tags":[754,34,111,110,31,33,32,30],"class_list":{"0":"post-134761","1":"post","2":"type-post","3":"status-publish","4":"format-standard","5":"has-post-thumbnail","7":"category-sport","8":"tag-huvudblock","9":"tag-se","10":"tag-sport","11":"tag-sports","12":"tag-svenska","13":"tag-sverige","14":"tag-sweden","15":"tag-swedish"},"share_on_mastodon":{"url":"https:\/\/pubeurope.com\/@se\/115889425827952808","error":""},"_links":{"self":[{"href":"https:\/\/www.europesays.com\/se\/wp-json\/wp\/v2\/posts\/134761","targetHints":{"allow":["GET"]}}],"collection":[{"href":"https:\/\/www.europesays.com\/se\/wp-json\/wp\/v2\/posts"}],"about":[{"href":"https:\/\/www.europesays.com\/se\/wp-json\/wp\/v2\/types\/post"}],"author":[{"embeddable":true,"href":"https:\/\/www.europesays.com\/se\/wp-json\/wp\/v2\/users\/2"}],"replies":[{"embeddable":true,"href":"https:\/\/www.europesays.com\/se\/wp-json\/wp\/v2\/comments?post=134761"}],"version-history":[{"count":0,"href":"https:\/\/www.europesays.com\/se\/wp-json\/wp\/v2\/posts\/134761\/revisions"}],"wp:featuredmedia":[{"embeddable":true,"href":"https:\/\/www.europesays.com\/se\/wp-json\/wp\/v2\/media\/134762"}],"wp:attachment":[{"href":"https:\/\/www.europesays.com\/se\/wp-json\/wp\/v2\/media?parent=134761"}],"wp:term":[{"taxonomy":"category","embeddable":true,"href":"https:\/\/www.europesays.com\/se\/wp-json\/wp\/v2\/categories?post=134761"},{"taxonomy":"post_tag","embeddable":true,"href":"https:\/\/www.europesays.com\/se\/wp-json\/wp\/v2\/tags?post=134761"}],"curies":[{"name":"wp","href":"https:\/\/api.w.org\/{rel}","templated":true}]}}