{"id":134765,"date":"2026-01-13T19:28:18","date_gmt":"2026-01-13T19:28:18","guid":{"rendered":"https:\/\/www.europesays.com\/se\/134765\/"},"modified":"2026-01-13T19:28:18","modified_gmt":"2026-01-13T19:28:18","slug":"varningen-tva-meter-langa-istappar-i-goteborg-folkbladet","status":"publish","type":"post","link":"https:\/\/www.europesays.com\/se\/134765\/","title":{"rendered":"Varningen: Tv\u00e5 meter l\u00e5nga istappar i G\u00f6teborg &#8211; Folkbladet"},"content":{"rendered":"<ol>\n<li><a href=\"https:\/\/news.google.com\/rss\/articles\/CBMikgFBVV95cUxNamYwMnBvRi1BWHM2amdYUUp3M285X1RGVUY2bG56UUR2M0tETkpwdi1hMTBGLWM5d1B1aHBJeEd2aGxFVldtLTFUaG42VkVTMzlqZ1VGcVdBWGx2MTQxN3dCM3E5MVMyYm9wLUh0TTVyYUFhZXpWN3pvanVFVkE0X1lyRU55OE0wMWhZV05LVzVZZw?oc=5\" target=\"_blank\" rel=\"nofollow noopener\">Varningen: Tv\u00e5 meter l\u00e5nga istappar i G\u00f6teborg<\/a>&nbsp;&nbsp;Folkbladet<\/li>\n<li><a href=\"https:\/\/news.google.com\/rss\/articles\/CBMiigFBVV95cUxOb0xOaHhuZ0t4cExaek1TYnRFeG80V0hIbUl5Q2dzRmRXZ3BzXzlsVUdMWEVCMTd1dFN6Ti04YWMyOTBVUlZvNTdsb0ZGVXFSbXBybXVhUWY0S0tPdlhqX0hVc3RneVQ5ZkhqSFBNbDJSSEttZW5XZlNWb2h5OUpJM0tQU2J2OEUxMHc?oc=5\" target=\"_blank\" rel=\"nofollow noopener\">Sn\u00f6smocka, ishalka och stora istappar<\/a>&nbsp;&nbsp;Aftonbladet<\/li>\n<li><a href=\"https:\/\/news.google.com\/rss\/articles\/CBMivgFBVV95cUxNbkJ4amx4X0ZkaXpMMWp1c2NVZHdGbEFHNUlzWEV1V3FUNDRhVTdLRHdEUFRfMG01YjdNU0JqY0dKRm9HcnM5VGhleTV1RHhaSmo2YXZqZWJOclJJQmgyUVpCMTJtUTZNQjcwTTRXVWttWURCN1k5UHZJS3pQQ2ZacFJhcmRHVkQzRjdsd0RSZHhmUlNrb0p5U0Rzc0dDeTFvWjR5LWNCbzNwY0VzRGVRWWE3X1hHS0gxQkxxSExR?oc=5\" target=\"_blank\" rel=\"nofollow noopener\">Tv\u00e5 meter l\u00e5nga istappar uppt\u00e4ckta i stan \u2013 r\u00e4ddningstj\u00e4nsten varnar<\/a>&nbsp;&nbsp;GP<\/li>\n<li><a href=\"https:\/\/news.google.com\/rss\/articles\/CBMigwFBVV95cUxPNkltY0YtblltN2tUVWtCbUhuenVMV2VIdHNja0UyMXdDbS05Mm9ITjBidWxDYVNBaWcyNkc1R2VXSzkxUUlKYTNYSjByXzR5aWh4eWJLd0pSV19RbTdPSTNCcUdZN0JETXZMNTZJZi0ySER4XzBrenpLQ3pTdUN6ZW9fQQ?oc=5\" target=\"_blank\" rel=\"nofollow noopener\">Varningen: Tv\u00e5 meter l\u00e5nga \u201dm\u00f6rdaristappar\u201d i G\u00f6teborg<\/a>&nbsp;&nbsp;Sveriges Radio<\/li>\n<li><a href=\"https:\/\/news.google.com\/rss\/articles\/CBMigwFBVV95cUxPV2FIZGI4bHNBUnhIQ1RmWklZY2xoRHp3bEdhdlhiN0JweVgySWhhMFQwZVJKd0w4dHlhd0dZRjdaTVVhNVp5WHc5V1p1OXY4Y0tPZVJvZjlkbUVYSmNiSDlBZWhfNWVLT0toUDNwLWU0VTI5ZTJRYm9LVlRhZ19Ia2xOMA?oc=5\" target=\"_blank\" rel=\"nofollow noopener\">Varningen: Tv\u00e5 meter l\u00e5nga istappar h\u00e4nger fr\u00e5n taken<\/a>&nbsp;&nbsp;Omni<\/li>\n<\/ol>\n","protected":false},"excerpt":{"rendered":"Varningen: Tv\u00e5 meter l\u00e5nga istappar i G\u00f6teborg&nbsp;&nbsp;Folkbladet Sn\u00f6smocka, ishalka och stora istappar&nbsp;&nbsp;Aftonbladet Tv\u00e5 meter l\u00e5nga istappar uppt\u00e4ckta i&hellip;\n","protected":false},"author":2,"featured_media":134766,"comment_status":"","ping_status":"","sticky":false,"template":"","format":"standard","meta":{"footnotes":""},"categories":[12],"tags":[22,23,26,27,17,21,24,25,28,29,15,16,18,34,31,33,32,30,19,20],"class_list":{"0":"post-134765","1":"post","2":"type-post","3":"status-publish","4":"format-standard","5":"has-post-thumbnail","7":"category-sverige","8":"tag-breaking-news","9":"tag-breakingnews","10":"tag-featured-news","11":"tag-featurednews","12":"tag-headlines","13":"tag-huvudnyheter","14":"tag-latest-news","15":"tag-latestnews","16":"tag-main-news","17":"tag-mainnews","18":"tag-news","19":"tag-nyheter","20":"tag-rubriker","21":"tag-se","22":"tag-svenska","23":"tag-sverige","24":"tag-sweden","25":"tag-swedish","26":"tag-top-stories","27":"tag-topstories"},"share_on_mastodon":{"url":"https:\/\/pubeurope.com\/@se\/115889445433471674","error":""},"_links":{"self":[{"href":"https:\/\/www.europesays.com\/se\/wp-json\/wp\/v2\/posts\/134765","targetHints":{"allow":["GET"]}}],"collection":[{"href":"https:\/\/www.europesays.com\/se\/wp-json\/wp\/v2\/posts"}],"about":[{"href":"https:\/\/www.europesays.com\/se\/wp-json\/wp\/v2\/types\/post"}],"author":[{"embeddable":true,"href":"https:\/\/www.europesays.com\/se\/wp-json\/wp\/v2\/users\/2"}],"replies":[{"embeddable":true,"href":"https:\/\/www.europesays.com\/se\/wp-json\/wp\/v2\/comments?post=134765"}],"version-history":[{"count":0,"href":"https:\/\/www.europesays.com\/se\/wp-json\/wp\/v2\/posts\/134765\/revisions"}],"wp:featuredmedia":[{"embeddable":true,"href":"https:\/\/www.europesays.com\/se\/wp-json\/wp\/v2\/media\/134766"}],"wp:attachment":[{"href":"https:\/\/www.europesays.com\/se\/wp-json\/wp\/v2\/media?parent=134765"}],"wp:term":[{"taxonomy":"category","embeddable":true,"href":"https:\/\/www.europesays.com\/se\/wp-json\/wp\/v2\/categories?post=134765"},{"taxonomy":"post_tag","embeddable":true,"href":"https:\/\/www.europesays.com\/se\/wp-json\/wp\/v2\/tags?post=134765"}],"curies":[{"name":"wp","href":"https:\/\/api.w.org\/{rel}","templated":true}]}}