{"id":134767,"date":"2026-01-13T19:29:10","date_gmt":"2026-01-13T19:29:10","guid":{"rendered":"https:\/\/www.europesays.com\/se\/134767\/"},"modified":"2026-01-13T19:29:10","modified_gmt":"2026-01-13T19:29:10","slug":"skolbussarna-i-uddevalla-stalls-in-onsdag-morgon","status":"publish","type":"post","link":"https:\/\/www.europesays.com\/se\/134767\/","title":{"rendered":"Skolbussarna i Uddevalla st\u00e4lls in onsdag morgon"},"content":{"rendered":"<p>SMHI har g\u00e5tt ut med en gul varning f\u00f6r utbredd ishalka i samband med regn som faller p\u00e5 kalla v\u00e4gytor. Det \u00e4r d\u00e4rf\u00f6r trafikbolaget har valt att st\u00e4lla in alla skolbussar i Uddevalla onsdag morgon.<\/p>\n<p>Hur eftermiddagen blir kommer kommunen \u00e5terkomma om under morgondagen. <\/p>\n<p>V\u00e5rdnadshavare med barn som \u00e5ker med V\u00e4sttrafiks bussar och skoltaxi uppmanas att vara f\u00f6rberedda p\u00e5 eventuella f\u00f6rseningar och problem.<\/p>\n","protected":false},"excerpt":{"rendered":"SMHI har g\u00e5tt ut med en gul varning f\u00f6r utbredd ishalka i samband med regn som faller p\u00e5&hellip;\n","protected":false},"author":2,"featured_media":793,"comment_status":"","ping_status":"","sticky":false,"template":"","format":"standard","meta":{"footnotes":""},"categories":[5],"tags":[22,23,26,27,17,21,24,25,28,29,15,16,18,34,31,33,32,30,19,20],"class_list":{"0":"post-134767","1":"post","2":"type-post","3":"status-publish","4":"format-standard","5":"has-post-thumbnail","7":"category-rubriker","8":"tag-breaking-news","9":"tag-breakingnews","10":"tag-featured-news","11":"tag-featurednews","12":"tag-headlines","13":"tag-huvudnyheter","14":"tag-latest-news","15":"tag-latestnews","16":"tag-main-news","17":"tag-mainnews","18":"tag-news","19":"tag-nyheter","20":"tag-rubriker","21":"tag-se","22":"tag-svenska","23":"tag-sverige","24":"tag-sweden","25":"tag-swedish","26":"tag-top-stories","27":"tag-topstories"},"share_on_mastodon":{"url":"https:\/\/pubeurope.com\/@se\/115889449351209452","error":""},"_links":{"self":[{"href":"https:\/\/www.europesays.com\/se\/wp-json\/wp\/v2\/posts\/134767","targetHints":{"allow":["GET"]}}],"collection":[{"href":"https:\/\/www.europesays.com\/se\/wp-json\/wp\/v2\/posts"}],"about":[{"href":"https:\/\/www.europesays.com\/se\/wp-json\/wp\/v2\/types\/post"}],"author":[{"embeddable":true,"href":"https:\/\/www.europesays.com\/se\/wp-json\/wp\/v2\/users\/2"}],"replies":[{"embeddable":true,"href":"https:\/\/www.europesays.com\/se\/wp-json\/wp\/v2\/comments?post=134767"}],"version-history":[{"count":0,"href":"https:\/\/www.europesays.com\/se\/wp-json\/wp\/v2\/posts\/134767\/revisions"}],"wp:featuredmedia":[{"embeddable":true,"href":"https:\/\/www.europesays.com\/se\/wp-json\/wp\/v2\/media\/793"}],"wp:attachment":[{"href":"https:\/\/www.europesays.com\/se\/wp-json\/wp\/v2\/media?parent=134767"}],"wp:term":[{"taxonomy":"category","embeddable":true,"href":"https:\/\/www.europesays.com\/se\/wp-json\/wp\/v2\/categories?post=134767"},{"taxonomy":"post_tag","embeddable":true,"href":"https:\/\/www.europesays.com\/se\/wp-json\/wp\/v2\/tags?post=134767"}],"curies":[{"name":"wp","href":"https:\/\/api.w.org\/{rel}","templated":true}]}}