{"id":134768,"date":"2026-01-13T19:31:07","date_gmt":"2026-01-13T19:31:07","guid":{"rendered":"https:\/\/www.europesays.com\/se\/134768\/"},"modified":"2026-01-13T19:31:07","modified_gmt":"2026-01-13T19:31:07","slug":"jakob-voelkerling-persson-atervander-till-hif","status":"publish","type":"post","link":"https:\/\/www.europesays.com\/se\/134768\/","title":{"rendered":"Jakob Voelkerling Persson \u00e5terv\u00e4nder till HIF"},"content":{"rendered":"<p><strong>Helsingborgs IF och Jakob Voelkerling Persson \u00e4r \u00f6verens om ett tv\u00e5\u00e5rsavtal. 25-\u00e5ringen \u00e5terv\u00e4nder d\u00e4rmed till HIF efter 3,5 \u00e5r.<\/strong><\/p>\n<p>Jakob Voelkerling Persson kom till HIF fr\u00e5n hemstaden Trelleborg och fick delar av sin fotbollsutbildning i f\u00f6reningens femstj\u00e4rniga akademi. Sitt f\u00f6rsta A-lagsframtr\u00e4dande gjorde han som central mittf\u00e4ltare i tr\u00e4ningsmatchen borta mot \u00d6sters IF den 9 mars 2018.<\/p>\n<p>Sin t\u00e4vlingsdebut gjorde Jakob som 18-\u00e5ring i en cupmatch mot Oskarshamns AIK. Sammanlagt noterades trelleborgaren f\u00f6r 37 matcher och ett m\u00e5l innan han sommaren 2022 l\u00e4mnade f\u00f6r allsvenska IK Sirius, d\u00e4r han under den senaste s\u00e4songen spelade 16 allsvenska matcher, gjorde ett m\u00e5l och en assist. Nu \u00e5terv\u00e4nder 25-\u00e5ringen till r\u00f6dbl\u00e5tt.<\/p>\n<p>\u2013 Att komma tillbaka till HIF \u00e4r n\u00e5got jag velat ett tag s\u00e5 det k\u00e4nns j\u00e4ttebra. Det \u00e4r en sp\u00e4nnande utmaning och det ska bli roligt att f\u00e5 v\u00e4xa med uppgiften och vara en ledare i truppen. Jag har f\u00e5tt m\u00e5nga meddelanden fr\u00e5n folk som velat att jag ska komma tillbaka, vilket varit v\u00e4ldigt uppskattat, s\u00e5 jag l\u00e4ngtar efter att f\u00e5 springa ut p\u00e5 Olympia igen, s\u00e4ger hemv\u00e4ndaren.<\/p>\n<p>\u2013 Jakob \u00e4r en spelare som under de senaste s\u00e4songerna visat att han h\u00e5ller allsvensk klass och det var viktigt f\u00f6r oss att f\u00e5 in spelare som har erfarenhet fr\u00e5n h\u00f6gsta niv\u00e5 i Sverige. Vi har en tydlig profil i vad vi s\u00f6ker p\u00e5 varje position och min bed\u00f6mning \u00e4r att Jakob passar bra in i den. Han demonstrerar ocks\u00e5 alla bitar vi s\u00f6ker efter i termer av hur vi vill att en ledare ska vara i omkl\u00e4dningsrummet. Vi hade bra dialog b\u00e5de innan och efter jul om vad vi f\u00f6rv\u00e4ntar oss av honom och jag tror att alla \u00e4r glada \u00f6ver att vi \u00e4ntligen rott aff\u00e4ren i hamn, s\u00e4ger HIF:s manager Stevie Grieve.<\/p>\n<p>Vi h\u00e4lsar Jakob hj\u00e4rtligt v\u00e4lkommen hem till HIF!<\/p>\n<p>Spelarfakta<\/p>\n<p><strong>Namn:<\/strong> Jakob Voelkerling Persson<br \/><strong>Position:<\/strong> Mittback<br \/><strong>F\u00f6delsedatum:<\/strong> 2000-09-27<br \/><strong>Moderklubb:<\/strong> Trelleborgs FF<br \/><strong>Tidigare klubbar:<\/strong> FC Trelleborg, \u00c4ngelholms FF &amp; IK Sirius<\/p>\n<p>Intervju med nyf\u00f6rv\u00e4rvet<\/p>\n","protected":false},"excerpt":{"rendered":"Helsingborgs IF och Jakob Voelkerling Persson \u00e4r \u00f6verens om ett tv\u00e5\u00e5rsavtal. 25-\u00e5ringen \u00e5terv\u00e4nder d\u00e4rmed till HIF efter 3,5&hellip;\n","protected":false},"author":2,"featured_media":134769,"comment_status":"","ping_status":"","sticky":false,"template":"","format":"standard","meta":{"footnotes":""},"categories":[68],"tags":[34,111,110,31,33,32,30],"class_list":{"0":"post-134768","1":"post","2":"type-post","3":"status-publish","4":"format-standard","5":"has-post-thumbnail","7":"category-sport","8":"tag-se","9":"tag-sport","10":"tag-sports","11":"tag-svenska","12":"tag-sverige","13":"tag-sweden","14":"tag-swedish"},"share_on_mastodon":{"url":"https:\/\/pubeurope.com\/@se\/115889457313976931","error":""},"_links":{"self":[{"href":"https:\/\/www.europesays.com\/se\/wp-json\/wp\/v2\/posts\/134768","targetHints":{"allow":["GET"]}}],"collection":[{"href":"https:\/\/www.europesays.com\/se\/wp-json\/wp\/v2\/posts"}],"about":[{"href":"https:\/\/www.europesays.com\/se\/wp-json\/wp\/v2\/types\/post"}],"author":[{"embeddable":true,"href":"https:\/\/www.europesays.com\/se\/wp-json\/wp\/v2\/users\/2"}],"replies":[{"embeddable":true,"href":"https:\/\/www.europesays.com\/se\/wp-json\/wp\/v2\/comments?post=134768"}],"version-history":[{"count":0,"href":"https:\/\/www.europesays.com\/se\/wp-json\/wp\/v2\/posts\/134768\/revisions"}],"wp:featuredmedia":[{"embeddable":true,"href":"https:\/\/www.europesays.com\/se\/wp-json\/wp\/v2\/media\/134769"}],"wp:attachment":[{"href":"https:\/\/www.europesays.com\/se\/wp-json\/wp\/v2\/media?parent=134768"}],"wp:term":[{"taxonomy":"category","embeddable":true,"href":"https:\/\/www.europesays.com\/se\/wp-json\/wp\/v2\/categories?post=134768"},{"taxonomy":"post_tag","embeddable":true,"href":"https:\/\/www.europesays.com\/se\/wp-json\/wp\/v2\/tags?post=134768"}],"curies":[{"name":"wp","href":"https:\/\/api.w.org\/{rel}","templated":true}]}}