{"id":134772,"date":"2026-01-13T19:37:13","date_gmt":"2026-01-13T19:37:13","guid":{"rendered":"https:\/\/www.europesays.com\/se\/134772\/"},"modified":"2026-01-13T19:37:13","modified_gmt":"2026-01-13T19:37:13","slug":"varldens-centralbanker-sluter-upp-bakom-powell","status":"publish","type":"post","link":"https:\/\/www.europesays.com\/se\/134772\/","title":{"rendered":"V\u00e4rldens centralbanker sluter upp bakom Powell"},"content":{"rendered":"<p>I ett gemensamt uttalande skriver f\u00f6rutom Riksbanken \u00e4ven Europeiska centralbanken (ECB) och Bank of England att Powell \u201d\u00e4r en respekterad kollega\u201d och uttrycker \u201dfull solidaritet med Powell\u201d. Man po\u00e4ngterar \u00e4ven att centralbankernas oberoende \u00e4r en h\u00f6rnsten n\u00e4r det g\u00e4ller finansiell och ekonomisk stabilitet.<\/p>\n<p>\u201dDet \u00e4r d\u00e4rf\u00f6r avg\u00f6rande att bevara detta oberoende, i full respekt f\u00f6r r\u00e4ttsstatens princip och demokratisk ansvarsskyldighet\u201d, skriver bland annat Sveriges Erik Thed\u00e9en, Englands Andrew Bailey och ECB:s Christine Lagarde i uttalandet.<\/p>\n","protected":false},"excerpt":{"rendered":"I ett gemensamt uttalande skriver f\u00f6rutom Riksbanken \u00e4ven Europeiska centralbanken (ECB) och Bank of England att Powell \u201d\u00e4r&hellip;\n","protected":false},"author":2,"featured_media":134773,"comment_status":"","ping_status":"","sticky":false,"template":"","format":"standard","meta":{"footnotes":""},"categories":[5],"tags":[22,23,26,27,17,21,24,25,28,29,15,16,18,34,31,33,32,30,19,20],"class_list":{"0":"post-134772","1":"post","2":"type-post","3":"status-publish","4":"format-standard","5":"has-post-thumbnail","7":"category-rubriker","8":"tag-breaking-news","9":"tag-breakingnews","10":"tag-featured-news","11":"tag-featurednews","12":"tag-headlines","13":"tag-huvudnyheter","14":"tag-latest-news","15":"tag-latestnews","16":"tag-main-news","17":"tag-mainnews","18":"tag-news","19":"tag-nyheter","20":"tag-rubriker","21":"tag-se","22":"tag-svenska","23":"tag-sverige","24":"tag-sweden","25":"tag-swedish","26":"tag-top-stories","27":"tag-topstories"},"share_on_mastodon":{"url":"https:\/\/pubeurope.com\/@se\/115889480794339689","error":""},"_links":{"self":[{"href":"https:\/\/www.europesays.com\/se\/wp-json\/wp\/v2\/posts\/134772","targetHints":{"allow":["GET"]}}],"collection":[{"href":"https:\/\/www.europesays.com\/se\/wp-json\/wp\/v2\/posts"}],"about":[{"href":"https:\/\/www.europesays.com\/se\/wp-json\/wp\/v2\/types\/post"}],"author":[{"embeddable":true,"href":"https:\/\/www.europesays.com\/se\/wp-json\/wp\/v2\/users\/2"}],"replies":[{"embeddable":true,"href":"https:\/\/www.europesays.com\/se\/wp-json\/wp\/v2\/comments?post=134772"}],"version-history":[{"count":0,"href":"https:\/\/www.europesays.com\/se\/wp-json\/wp\/v2\/posts\/134772\/revisions"}],"wp:featuredmedia":[{"embeddable":true,"href":"https:\/\/www.europesays.com\/se\/wp-json\/wp\/v2\/media\/134773"}],"wp:attachment":[{"href":"https:\/\/www.europesays.com\/se\/wp-json\/wp\/v2\/media?parent=134772"}],"wp:term":[{"taxonomy":"category","embeddable":true,"href":"https:\/\/www.europesays.com\/se\/wp-json\/wp\/v2\/categories?post=134772"},{"taxonomy":"post_tag","embeddable":true,"href":"https:\/\/www.europesays.com\/se\/wp-json\/wp\/v2\/tags?post=134772"}],"curies":[{"name":"wp","href":"https:\/\/api.w.org\/{rel}","templated":true}]}}