{"id":134774,"date":"2026-01-13T19:39:08","date_gmt":"2026-01-13T19:39:08","guid":{"rendered":"https:\/\/www.europesays.com\/se\/134774\/"},"modified":"2026-01-13T19:39:08","modified_gmt":"2026-01-13T19:39:08","slug":"michael-carrick-ny-tranare-i-manchester-united","status":"publish","type":"post","link":"https:\/\/www.europesays.com\/se\/134774\/","title":{"rendered":"Michael Carrick ny tr\u00e4nare i Manchester United"},"content":{"rendered":"<p><a data-test-tag=\"internal-link\" href=\"https:\/\/www.aftonbladet.se\/av\/viktoria-bjorklof\" class=\"hyperion-css-13ns1rr\" rel=\"nofollow noopener\" target=\"\" aria-label=\"Se alla artiklar av Viktoria Bj\u00f6rkl\u00f6f\"><img decoding=\"async\" class=\"image-asset hyperion-css-n6kkq1\" data-test-tag=\"image-asset\" src=\"https:\/\/www.europesays.com\/se\/wp-content\/uploads\/2026\/01\/1768333147_539_1451f1a9-65d4-4311-b16d-fd619a2326e7.png\"  alt=\"\"  loading=\"lazy\" fetchpriority=\"auto\" style=\"aspect-ratio:1900 \/ 1900\"\/><\/a><\/p>\n<p class=\"boxtextgrotesk-root_baa6 hyperion-css-1w346fg\">Uppdaterad 20.31 | Publicerad 20.18<\/p>\n<p>share-arrowDela<\/p>\n<p>unsaveSpara<\/p>\n<p>Lyssna p\u00e5 artikelnLyssna p\u00e5&#8230;<\/p>\n<p class=\"hyperion-css-1shl3oz\" data-test-tag=\"lead-text\">Ryktena har varit m\u00e5nga \u2013 nu st\u00e5r det klart.<\/p>\n<p class=\"hyperion-css-1shl3oz\" data-test-tag=\"lead-text\">Michael Carrick, 44, leder Manchester United fram till sommaren.<\/p>\n<p class=\"hyperion-css-1shl3oz\" data-test-tag=\"lead-text\">\u2013 Jag vet vad som kr\u00e4vs f\u00f6r att lyckas h\u00e4r.<\/p>\n<p>expand-left<\/p>\n<p>helsk\u00e4rm<img decoding=\"async\" class=\"image-asset hyperion-css-u06ts1\" data-test-tag=\"image-asset\" src=\"https:\/\/www.europesays.com\/se\/wp-content\/uploads\/2026\/01\/8904cdb2-7117-40fb-a406-855d9de3c223.jpeg\"  alt=\"Michael Carrick.\"  loading=\"eager\" fetchpriority=\"high\" style=\"aspect-ratio:1900 \/ 1291\"\/>Michael Carrick. Foto: George Wood \/ Getty Images<\/p>\n<p class=\"hyperion-css-1v9qo5x\">Carrick \u00e5terv\u00e4nder d\u00e4rmed till United. Under sina \u00e5r som spelare i klubben gjorde han 464 framtr\u00e4danden och vann totalt 18 titlar.<\/p>\n<p class=\"hyperion-css-1v9qo5x\">Efter att ha lagt skorna p\u00e5 hyllan 2018 verkade han som assisterande tr\u00e4nare till Ole Gunnar Solskjaer, innan han ocks\u00e5 fick tre matcher med huvudansvaret.<\/p>\n<p class=\"hyperion-css-1v9qo5x\">D\u00e4refter tillbringade han n\u00e4stan tre \u00e5r i Middlesbrough.<\/p>\n<p class=\"hyperion-css-1v9qo5x\">Nu meddelar <a data-test-tag=\"internal-link\" href=\"https:\/\/www.aftonbladet.se\/tagg\/manchester-united\" class=\"hyperion-css-15jkft9\" rel=\"nofollow noopener\" target=\"\" aria-label=\"Manchester United\" theme=\"sportbladet\">Manchester United<\/a> att han blir klubbens nye huvudtr\u00e4nare s\u00e4songen ut.<\/p>\n<p class=\"hyperion-css-1v9qo5x\">\u2013 Det \u00e4r en \u00e4ra. Mitt fokus ligger nu p\u00e5 att hj\u00e4lpa spelarna att n\u00e5 de standarder som vi f\u00f6rv\u00e4ntar oss p\u00e5 denna otroliga klubb, och som vi vet att den h\u00e4r gruppen \u00e4r mer \u00e4n kapabel att leverera, s\u00e4ger han p\u00e5 klubbens hemsida.<\/p>\n<p>\u201dDet finns fortfarande mycket att k\u00e4mpa f\u00f6r\u201d<\/p>\n<p class=\"hyperion-css-1v9qo5x\">R\u00faben Amorim fick sparken lite mindre \u00e4n en vecka efter \u00e5rsskiftet. Darren Fletcher tog tillf\u00e4lligt \u00f6ver uppgiften som interimtr\u00e4nare under tv\u00e5 matcher. United kryssade d\u00e5 mot Burnley i ligan och f\u00f6rlorade mot Brighton i FA-cupen.<\/p>\n<p class=\"hyperion-css-1v9qo5x\">Redan imorgon (onsdag) leder Carrick sin f\u00f6rsta tr\u00e4ning med laget.<\/p>\n<p class=\"hyperion-css-1v9qo5x\">\u2013 Jag har redan arbetat med flera av spelarna och har sj\u00e4lvklart fortsatt att f\u00f6lja laget noggrant under de senaste \u00e5ren. Jag har fullt f\u00f6rtroende f\u00f6r deras talang, engagemang och f\u00f6rm\u00e5ga att n\u00e5 framg\u00e5ng h\u00e4r, s\u00e4ger han och forts\u00e4tter:<\/p>\n<p class=\"hyperion-css-1v9qo5x\">\u2013 Det finns fortfarande mycket att k\u00e4mpa f\u00f6r den h\u00e4r s\u00e4songen. Vi \u00e4r redo att samla alla och ge fansen de prestationer som deras lojala st\u00f6d f\u00f6rtj\u00e4nar.<\/p>\n<p class=\"hyperion-css-1v9qo5x\">P\u00e5 l\u00f6rdag v\u00e4ntar hans f\u00f6rsta riktiga uppdrag. S\u00e5 gott som tuffast m\u00f6jliga motst\u00e5nd v\u00e4ntar n\u00e4r det vankas Manchester-derby p\u00e5 Old Trafford.\u00a0<\/p>\n","protected":false},"excerpt":{"rendered":"Uppdaterad 20.31 | Publicerad 20.18 share-arrowDela unsaveSpara Lyssna p\u00e5 artikelnLyssna p\u00e5&#8230; Ryktena har varit m\u00e5nga \u2013 nu st\u00e5r&hellip;\n","protected":false},"author":2,"featured_media":134775,"comment_status":"","ping_status":"","sticky":false,"template":"","format":"standard","meta":{"footnotes":""},"categories":[68],"tags":[34,111,110,31,33,32,30],"class_list":{"0":"post-134774","1":"post","2":"type-post","3":"status-publish","4":"format-standard","5":"has-post-thumbnail","7":"category-sport","8":"tag-se","9":"tag-sport","10":"tag-sports","11":"tag-svenska","12":"tag-sverige","13":"tag-sweden","14":"tag-swedish"},"share_on_mastodon":{"url":"https:\/\/pubeurope.com\/@se\/115889488677328602","error":""},"_links":{"self":[{"href":"https:\/\/www.europesays.com\/se\/wp-json\/wp\/v2\/posts\/134774","targetHints":{"allow":["GET"]}}],"collection":[{"href":"https:\/\/www.europesays.com\/se\/wp-json\/wp\/v2\/posts"}],"about":[{"href":"https:\/\/www.europesays.com\/se\/wp-json\/wp\/v2\/types\/post"}],"author":[{"embeddable":true,"href":"https:\/\/www.europesays.com\/se\/wp-json\/wp\/v2\/users\/2"}],"replies":[{"embeddable":true,"href":"https:\/\/www.europesays.com\/se\/wp-json\/wp\/v2\/comments?post=134774"}],"version-history":[{"count":0,"href":"https:\/\/www.europesays.com\/se\/wp-json\/wp\/v2\/posts\/134774\/revisions"}],"wp:featuredmedia":[{"embeddable":true,"href":"https:\/\/www.europesays.com\/se\/wp-json\/wp\/v2\/media\/134775"}],"wp:attachment":[{"href":"https:\/\/www.europesays.com\/se\/wp-json\/wp\/v2\/media?parent=134774"}],"wp:term":[{"taxonomy":"category","embeddable":true,"href":"https:\/\/www.europesays.com\/se\/wp-json\/wp\/v2\/categories?post=134774"},{"taxonomy":"post_tag","embeddable":true,"href":"https:\/\/www.europesays.com\/se\/wp-json\/wp\/v2\/tags?post=134774"}],"curies":[{"name":"wp","href":"https:\/\/api.w.org\/{rel}","templated":true}]}}