{"id":134776,"date":"2026-01-13T19:44:36","date_gmt":"2026-01-13T19:44:36","guid":{"rendered":"https:\/\/www.europesays.com\/se\/134776\/"},"modified":"2026-01-13T19:44:36","modified_gmt":"2026-01-13T19:44:36","slug":"nu-infors-en-vag-in-for-barn-och-unga-med-psykisk-ohalsa","status":"publish","type":"post","link":"https:\/\/www.europesays.com\/se\/134776\/","title":{"rendered":"Nu inf\u00f6rs En v\u00e4g in &#8211; f\u00f6r barn och unga med psykisk oh\u00e4lsa"},"content":{"rendered":"<p>            &#13;<br \/>\n                <img decoding=\"async\" src=\"https:\/\/www.europesays.com\/se\/wp-content\/uploads\/2026\/01\/8610tuefqcsrfbqla1wf1w.png\" alt=\"Familj i k\u00f6k.\" class=\"figure-img img-fluid rounded\"\/>&#13;<\/p>\n<p class=\"press-info\">&#13;<br \/>\n                <strong> Pressmeddelande<\/strong> \u2013 13 januari 2026&#13;\n                <\/p>\n<p><strong>Den 14 januari 2026 inf\u00f6r Region Dalarna en efterl\u00e4ngtad satsning f\u00f6r att f\u00f6rb\u00e4ttra v\u00e5rden f\u00f6r barn och unga upp till 18 \u00e5r med psykisk oh\u00e4lsa. Den nya funktionen En v\u00e4g in g\u00f6r det enklare att f\u00e5 tillg\u00e5ng till r\u00e4tt st\u00f6d och r\u00e5dgivning n\u00e4r det beh\u00f6vs som mest.<\/strong><\/p>\n<p>En v\u00e4g in \u00e4r en ny mottagarfunktion som ger barn, unga och deras v\u00e5rdnadshavare m\u00f6jlighet att snabbt och enkelt f\u00e5 hj\u00e4lp med psykisk oh\u00e4lsa. Funktionen kommer vara tillg\u00e4nglig via telefon och fr\u00e5n och med 21 januari \u00e4ven via 1177 direkt. Funktionen bemannas av ett team med psykolog, kurator och sjuksk\u00f6terska.<\/p>\n<p>\u2013 N\u00e4r ett barn eller en ung m\u00e4nniska m\u00e5r psykiskt d\u00e5ligt ska det vara enkelt att f\u00e5 hj\u00e4lp i Region Dalarna, inte \u00e4nnu en tr\u00f6skel att ta sig \u00f6ver. Med En v\u00e4g in skapar vi tydlighet, trygghet och snabbare st\u00f6d f\u00f6r barn och unga med psykisk oh\u00e4lsa i hela Dalarna s\u00e4ger Sofia Jarl (C), ordf\u00f6rande f\u00f6r h\u00e4lso- och sjukv\u00e5rdsn\u00e4mnden.<\/p>\n<p>Syftet med En v\u00e4g in \u00e4r att g\u00f6ra v\u00e5rden mer j\u00e4mlik och tillg\u00e4nglig, d\u00e4r varje enskild patient f\u00e5r bed\u00f6mning och fortsatt st\u00f6d utifr\u00e5n sitt unika behov. Den nya funktionen ska ocks\u00e5 bidra till en mer effektiv anv\u00e4ndning av resurser och st\u00e4rka samordningen i hela v\u00e5rdkedjan. En mer djupg\u00e5ende bed\u00f6mning kan ocks\u00e5 g\u00f6ras, s\u00e5 att patienten hamnar r\u00e4tt inom v\u00e5rden. Om det finns behov av fortsatta v\u00e5rdinsatser kan patienten f\u00e5 vidare st\u00f6d genom prim\u00e4rv\u00e5rden eller barn- och ungdomspsykiatri (bup). Genom En v\u00e4g in ges \u00e4ven hj\u00e4lp med kontaktv\u00e4gar om det beh\u00f6vs st\u00f6d p\u00e5 annat s\u00e4tt \u00e4n genom v\u00e5rd.<\/p>\n<p>En v\u00e4g in \u00e4r en del av Region Dalarnas omst\u00e4llning till en mer n\u00e4ra och behovsanpassad v\u00e5rd. F\u00f6r medarbetare och verksamheter i v\u00e5rden inneb\u00e4r det nya arbetss\u00e4ttet en f\u00f6rb\u00e4ttrad struktur och tydligare riktlinjer f\u00f6r att m\u00f6ta de behov som finns hos Dalarnas barn och unga.<\/p>\n<p>\u2013Det h\u00e4r \u00e4r ett viktigt steg mot en mer sammanh\u00e5llen och j\u00e4mlik v\u00e5rd som st\u00e4rker b\u00e5de familjerna och dalfolkets framtid, oavsett var man bor i v\u00e5r region \u2013 och d\u00e4rf\u00f6r \u00e4r jag glad och stolt \u00f6ver att vi nu genomf\u00f6r och startar den h\u00e4r satsningen, s\u00e4ger Sofia Jarl.<\/p>\n<p><strong>Inbjudan invigning<\/strong><\/p>\n<p>Media \u00e4r v\u00e4lkomna p\u00e5 invigningen av En v\u00e4g in den 14 januari 9.30 p\u00e5 Bup Satelliten, Borl\u00e4nge sjukhus. <\/p>\n<p>Sofia Jarl (C), ordf\u00f6rande h\u00e4lso- och sjukv\u00e5rdsn\u00e4mnden, kommer att finnas p\u00e5 plats.<\/p>\n<p>F\u00f6lj skyltarna mot Bup Satelliten. G\u00e5 f\u00f6rbi receptionen och v\u00e4ntrummet, f\u00f6rbi gymmet och upp f\u00f6r trappan och ni \u00e4r framme.<\/p>\n<p>                <a href=\"https:\/\/www.mynewsdesk.com\/se\/regiondalarna\/pressreleases\/nu-infoers-en-vaeg-in-foer-barn-och-unga-med-psykisk-ohaelsa-3425900\" class=\"btn btn-outline-danger btn-sm\" target=\"_blank\" rel=\"nofollow noopener\">L\u00e4s pressmeddelandet p\u00e5 mynewsdesk.com<\/a><\/p>\n","protected":false},"excerpt":{"rendered":"&#13; &#13; &#13; Pressmeddelande \u2013 13 januari 2026&#13; Den 14 januari 2026 inf\u00f6r Region Dalarna en efterl\u00e4ngtad satsning&hellip;\n","protected":false},"author":2,"featured_media":134777,"comment_status":"","ping_status":"","sticky":false,"template":"","format":"standard","meta":{"footnotes":""},"categories":[12],"tags":[22,23,26,27,17,21,24,25,28,29,15,16,18,34,31,33,32,30,19,20],"class_list":{"0":"post-134776","1":"post","2":"type-post","3":"status-publish","4":"format-standard","5":"has-post-thumbnail","7":"category-sverige","8":"tag-breaking-news","9":"tag-breakingnews","10":"tag-featured-news","11":"tag-featurednews","12":"tag-headlines","13":"tag-huvudnyheter","14":"tag-latest-news","15":"tag-latestnews","16":"tag-main-news","17":"tag-mainnews","18":"tag-news","19":"tag-nyheter","20":"tag-rubriker","21":"tag-se","22":"tag-svenska","23":"tag-sverige","24":"tag-sweden","25":"tag-swedish","26":"tag-top-stories","27":"tag-topstories"},"share_on_mastodon":{"url":"https:\/\/pubeurope.com\/@se\/115889508468457940","error":""},"_links":{"self":[{"href":"https:\/\/www.europesays.com\/se\/wp-json\/wp\/v2\/posts\/134776","targetHints":{"allow":["GET"]}}],"collection":[{"href":"https:\/\/www.europesays.com\/se\/wp-json\/wp\/v2\/posts"}],"about":[{"href":"https:\/\/www.europesays.com\/se\/wp-json\/wp\/v2\/types\/post"}],"author":[{"embeddable":true,"href":"https:\/\/www.europesays.com\/se\/wp-json\/wp\/v2\/users\/2"}],"replies":[{"embeddable":true,"href":"https:\/\/www.europesays.com\/se\/wp-json\/wp\/v2\/comments?post=134776"}],"version-history":[{"count":0,"href":"https:\/\/www.europesays.com\/se\/wp-json\/wp\/v2\/posts\/134776\/revisions"}],"wp:featuredmedia":[{"embeddable":true,"href":"https:\/\/www.europesays.com\/se\/wp-json\/wp\/v2\/media\/134777"}],"wp:attachment":[{"href":"https:\/\/www.europesays.com\/se\/wp-json\/wp\/v2\/media?parent=134776"}],"wp:term":[{"taxonomy":"category","embeddable":true,"href":"https:\/\/www.europesays.com\/se\/wp-json\/wp\/v2\/categories?post=134776"},{"taxonomy":"post_tag","embeddable":true,"href":"https:\/\/www.europesays.com\/se\/wp-json\/wp\/v2\/tags?post=134776"}],"curies":[{"name":"wp","href":"https:\/\/api.w.org\/{rel}","templated":true}]}}