{"id":134778,"date":"2026-01-13T19:45:07","date_gmt":"2026-01-13T19:45:07","guid":{"rendered":"https:\/\/www.europesays.com\/se\/134778\/"},"modified":"2026-01-13T19:45:07","modified_gmt":"2026-01-13T19:45:07","slug":"skolskjutsar-installda-gul-vadervarning-for-ishalka","status":"publish","type":"post","link":"https:\/\/www.europesays.com\/se\/134778\/","title":{"rendered":"Skolskjutsar inst\u00e4llda \u2013 gul v\u00e4dervarning f\u00f6r ishalka"},"content":{"rendered":"<p class=\"mb-4 mx-auto max-w-xl\"><strong>F\u00e4rgelanda kommun st\u00e4ller in samtliga skolskjutsar p\u00e5 onsdagsmorgonen. <\/strong><\/p>\n<p class=\"break-words mb-4 mx-auto max-w-xl\">P\u00e5 tisdagskv\u00e4llen meddelade F\u00e4rgelanda kommun att samtliga skolskjutsar st\u00e4lls in p\u00e5 onsdagsmorgonen.<\/p>\n<p class=\"break-words mb-4 mx-auto max-w-xl\">Anledningen \u00e4r den gula varning som SMHI har utf\u00e4rdat f\u00f6r regn som v\u00e4ntas falla p\u00e5 kalla v\u00e4gbanor, vilket kan leda till pl\u00f6tslig ishalka. <\/p>\n<p class=\"break-words mb-4 mx-auto max-w-xl\">F\u00e4rgelanda kommun skriver p\u00e5 sociala medier att skolskjutsarna ber\u00e4knas kunna rulla p\u00e5 eftermiddagen igen n\u00e4r eleverna ska hem. <\/p>\n<p class=\"break-words mb-4 mx-auto max-w-xl\">Den gula v\u00e4dervarningen b\u00f6rjar g\u00e4lla klockan tv\u00e5 natten till onsdagen och upph\u00f6r vid klockan nio p\u00e5 onsdagsmorgonen. <\/p>\n<p><a class=\"in-article-link mb-4 mx-auto max-w-xl text-gray-900 hover:text-gray-900\/70 dark:text-gray-50 dark:hover:text-gray-50\/70\" href=\"https:\/\/www.dalslanningen.se\/2026\/01\/13\/dubbla-vadervarningar-for-snofall-och-plotslig-ishalka-17f4d\/\" rel=\"nofollow noopener\" target=\"_blank\">Dubbla v\u00e4dervarningar \u2013 f\u00f6r sn\u00f6fall och pl\u00f6tslig ishalka<\/a><\/p>\n","protected":false},"excerpt":{"rendered":"F\u00e4rgelanda kommun st\u00e4ller in samtliga skolskjutsar p\u00e5 onsdagsmorgonen. P\u00e5 tisdagskv\u00e4llen meddelade F\u00e4rgelanda kommun att samtliga skolskjutsar st\u00e4lls in&hellip;\n","protected":false},"author":2,"featured_media":134779,"comment_status":"","ping_status":"","sticky":false,"template":"","format":"standard","meta":{"footnotes":""},"categories":[5],"tags":[22,23,26,27,17,21,24,25,28,29,15,16,18,34,31,33,32,30,19,20],"class_list":{"0":"post-134778","1":"post","2":"type-post","3":"status-publish","4":"format-standard","5":"has-post-thumbnail","7":"category-rubriker","8":"tag-breaking-news","9":"tag-breakingnews","10":"tag-featured-news","11":"tag-featurednews","12":"tag-headlines","13":"tag-huvudnyheter","14":"tag-latest-news","15":"tag-latestnews","16":"tag-main-news","17":"tag-mainnews","18":"tag-news","19":"tag-nyheter","20":"tag-rubriker","21":"tag-se","22":"tag-svenska","23":"tag-sverige","24":"tag-sweden","25":"tag-swedish","26":"tag-top-stories","27":"tag-topstories"},"share_on_mastodon":{"url":"https:\/\/pubeurope.com\/@se\/115889512318840211","error":""},"_links":{"self":[{"href":"https:\/\/www.europesays.com\/se\/wp-json\/wp\/v2\/posts\/134778","targetHints":{"allow":["GET"]}}],"collection":[{"href":"https:\/\/www.europesays.com\/se\/wp-json\/wp\/v2\/posts"}],"about":[{"href":"https:\/\/www.europesays.com\/se\/wp-json\/wp\/v2\/types\/post"}],"author":[{"embeddable":true,"href":"https:\/\/www.europesays.com\/se\/wp-json\/wp\/v2\/users\/2"}],"replies":[{"embeddable":true,"href":"https:\/\/www.europesays.com\/se\/wp-json\/wp\/v2\/comments?post=134778"}],"version-history":[{"count":0,"href":"https:\/\/www.europesays.com\/se\/wp-json\/wp\/v2\/posts\/134778\/revisions"}],"wp:featuredmedia":[{"embeddable":true,"href":"https:\/\/www.europesays.com\/se\/wp-json\/wp\/v2\/media\/134779"}],"wp:attachment":[{"href":"https:\/\/www.europesays.com\/se\/wp-json\/wp\/v2\/media?parent=134778"}],"wp:term":[{"taxonomy":"category","embeddable":true,"href":"https:\/\/www.europesays.com\/se\/wp-json\/wp\/v2\/categories?post=134778"},{"taxonomy":"post_tag","embeddable":true,"href":"https:\/\/www.europesays.com\/se\/wp-json\/wp\/v2\/tags?post=134778"}],"curies":[{"name":"wp","href":"https:\/\/api.w.org\/{rel}","templated":true}]}}