{"id":134780,"date":"2026-01-13T19:47:07","date_gmt":"2026-01-13T19:47:07","guid":{"rendered":"https:\/\/www.europesays.com\/se\/134780\/"},"modified":"2026-01-13T19:47:07","modified_gmt":"2026-01-13T19:47:07","slug":"sa-blir-cam-abbotts-forsta-dygn-som-fbk-tranare-en-rivstart-vantar-for-spelarna-vf","status":"publish","type":"post","link":"https:\/\/www.europesays.com\/se\/134780\/","title":{"rendered":"S\u00e5 blir Cam Abbotts f\u00f6rsta dygn som FBK-tr\u00e4nare \u2013 en rivstart v\u00e4ntar f\u00f6r spelarna &#8211; VF"},"content":{"rendered":"<ol>\n<li><a href=\"https:\/\/news.google.com\/rss\/articles\/CBMitgFBVV95cUxNTldVZ1NlbEd1YUx6d1ByaENlZktMa3V4YklUOFAxcURsazNaMzFIYzh1SktmUkIyeWZ6VDhBc3pxTUIwb1pHMXdkUzVvQnV5TmpreDFsR2pYZVBkQlZGV3BscWdQMkJvTG1jUDRMUHE3TU5pOV9GLWJYZGN4aEhER3Z6R25haUM3Q3lvZW9JZ0xoNVd4VFBWeVpYX2pxZzJmOWQyVHFDRzF1X0JGcEJ0LUN5OFBKdw?oc=5\" target=\"_blank\" rel=\"nofollow noopener\">S\u00e5 blir Cam Abbotts f\u00f6rsta dygn som FBK-tr\u00e4nare \u2013 en rivstart v\u00e4ntar f\u00f6r spelarna<\/a>&nbsp;&nbsp;VF<\/li>\n<li><a href=\"https:\/\/news.google.com\/rss\/articles\/CBMivAFBVV95cUxQQUdoT0p2RzVSYVFMVVc2ZFhRbEhHbWtGWXVxeGZlMU5wZmxlUVdMQXRfbTNqOXRpb3p6TmNhZ0UyZWVuWW9rS0JMcFZRTUNpajJRckJzUXo2eXJlUUZXTzczZWtmRnQtbEtmYW1QMkt1TnFxSnF6ck5jNXFma3BVYmo2MVM3Q2xBUk4wSUpZUEszTEd0aFY5dURCZWpSTDdEc1p6SUQzc0JURnc4TGhzRVFEN29pWmVJakZ0Xw?oc=5\" target=\"_blank\" rel=\"nofollow noopener\">SHL-panelen: S\u00e5 h\u00e4r kommer det att g\u00e5 f\u00f6r F\u00e4rjestad under Abbott<\/a>&nbsp;&nbsp;Aftonbladet<\/li>\n<li><a href=\"https:\/\/news.google.com\/rss\/articles\/CBMiY0FVX3lxTE0xU3dlc2h4QVZOMmVsUDVCMjZnR1ZsRlFMQ2F5N2R6NlQ0OEpGSXNFUkRGSWw1cXU5ZVdIUWJiVXoyNXptcGJzZXQ0Ti1MbXl2bEU0cEhBcmVSTm9iaWd2WWtxOA?oc=5\" target=\"_blank\" rel=\"nofollow noopener\">Cam Abbott ny huvudtr\u00e4nare f\u00f6r F\u00e4rjestad BK<\/a>&nbsp;&nbsp;F\u00e4rjestad BK<\/li>\n<li><a href=\"https:\/\/news.google.com\/rss\/articles\/CBMinwFBVV95cUxNMk9JWm9GYkdabU5iOEZHWi1mOGRZLVB1Um1mb2F1UThVMFZ6NDdBdklSMU1Za0dPTzlUeWxoeWFTMEhmenc2eTR0VTFyay1QT1FDRmItRHQwRmhlQW9FUDVuOW9BMXZSZFFVbFpRWTl4UjMteFhoOU93OTJhbW9kckh6NkgwSmFvdFhtMW9Id3Bab3NMakVteU9ZdXFGcWs?oc=5\" target=\"_blank\" rel=\"nofollow noopener\">Spelet bakom \u2013 d\u00e5 var f\u00f6rtroendet f\u00f6rbrukat \u2022 M\u00f6tet med spelarna \u2022 Sprickan<\/a>&nbsp;&nbsp;Expressen<\/li>\n<li><a href=\"https:\/\/news.google.com\/rss\/articles\/CBMijwFBVV95cUxOb3VYSmw4ZUVoOXpyYjJJaGROQU10bW9KYll0MWduNVJ0Y3E3eWRmd1hiR2hOOGtuSHRkTXB3bENabDVXNzBZT2syWDJfSzN5bGtSOHJkcFRybktXT1FpbWJQUTllejd4cTlUWVZmbVlGTlNfZ2FXV1JacHBkODJoTzRtYzNERERIOVdkQ2c0Yw?oc=5\" target=\"_blank\" rel=\"nofollow noopener\">Hockeystormen i Karlstad: \u201dDen vardagen man lever i\u201d<\/a>&nbsp;&nbsp;Sveriges Radio<\/li>\n<\/ol>\n","protected":false},"excerpt":{"rendered":"S\u00e5 blir Cam Abbotts f\u00f6rsta dygn som FBK-tr\u00e4nare \u2013 en rivstart v\u00e4ntar f\u00f6r spelarna&nbsp;&nbsp;VF SHL-panelen: S\u00e5 h\u00e4r kommer&hellip;\n","protected":false},"author":2,"featured_media":134781,"comment_status":"","ping_status":"","sticky":false,"template":"","format":"standard","meta":{"footnotes":""},"categories":[68],"tags":[34,111,110,31,33,32,30],"class_list":{"0":"post-134780","1":"post","2":"type-post","3":"status-publish","4":"format-standard","5":"has-post-thumbnail","7":"category-sport","8":"tag-se","9":"tag-sport","10":"tag-sports","11":"tag-svenska","12":"tag-sverige","13":"tag-sweden","14":"tag-swedish"},"share_on_mastodon":{"url":"https:\/\/pubeurope.com\/@se\/115889520118324022","error":""},"_links":{"self":[{"href":"https:\/\/www.europesays.com\/se\/wp-json\/wp\/v2\/posts\/134780","targetHints":{"allow":["GET"]}}],"collection":[{"href":"https:\/\/www.europesays.com\/se\/wp-json\/wp\/v2\/posts"}],"about":[{"href":"https:\/\/www.europesays.com\/se\/wp-json\/wp\/v2\/types\/post"}],"author":[{"embeddable":true,"href":"https:\/\/www.europesays.com\/se\/wp-json\/wp\/v2\/users\/2"}],"replies":[{"embeddable":true,"href":"https:\/\/www.europesays.com\/se\/wp-json\/wp\/v2\/comments?post=134780"}],"version-history":[{"count":0,"href":"https:\/\/www.europesays.com\/se\/wp-json\/wp\/v2\/posts\/134780\/revisions"}],"wp:featuredmedia":[{"embeddable":true,"href":"https:\/\/www.europesays.com\/se\/wp-json\/wp\/v2\/media\/134781"}],"wp:attachment":[{"href":"https:\/\/www.europesays.com\/se\/wp-json\/wp\/v2\/media?parent=134780"}],"wp:term":[{"taxonomy":"category","embeddable":true,"href":"https:\/\/www.europesays.com\/se\/wp-json\/wp\/v2\/categories?post=134780"},{"taxonomy":"post_tag","embeddable":true,"href":"https:\/\/www.europesays.com\/se\/wp-json\/wp\/v2\/tags?post=134780"}],"curies":[{"name":"wp","href":"https:\/\/api.w.org\/{rel}","templated":true}]}}