{"id":134786,"date":"2026-01-13T19:51:07","date_gmt":"2026-01-13T19:51:07","guid":{"rendered":"https:\/\/www.europesays.com\/se\/134786\/"},"modified":"2026-01-13T19:51:07","modified_gmt":"2026-01-13T19:51:07","slug":"det-historiska-datumet-som-vladimir-putin-vill-fortiga","status":"publish","type":"post","link":"https:\/\/www.europesays.com\/se\/134786\/","title":{"rendered":"Det historiska datumet som Vladimir Putin vill f\u00f6rtiga"},"content":{"rendered":"<p>Mats Larsson<\/p>\n<p>Publicerad 13 jan 2026 kl 18.43<\/p>\n<p>Det \u00e4r ett datum Vladimir Putin valde att ignorera.<\/p>\n<p>En historisk j\u00e4mf\u00f6relse han inte vill tala om.<\/p>\n<p>Kriget i Ukraina har nu p\u00e5g\u00e5tt l\u00e4ngre \u00e4n Sovjets krig mot Nazityskland.<\/p>\n<p><img   alt=\"\"\/><\/p>\n<p>Ukrainska soldater n\u00e4ra fronten utanf\u00f6r staden Pokrovsk.<\/p>\n<p>Foto: AA \/ STELLA PICTURES<\/p>\n<p>\u00d6ppna bild i helsk\u00e4rm<img loading=\"lazy\"   alt=\"\"\/><\/p>\n<p>Ryssland president Vladimir Putin.<\/p>\n<p>Foto: PAVEL BEDNYAKOV\/AP\/TT<\/p>\n<p>\u00d6ppna bild i helsk\u00e4rm<\/p>\n<p>Detta \u00e4r en kommenterande text. Analys och st\u00e4llningstaganden \u00e4r skribentens.<\/p>\n<p><img   alt=\"\"\/>Mats Larsson<\/p>\n<p>Det har varit en tuff start p\u00e5 2026 f\u00f6r den ryske presidenten. Han har f\u00f6rlorat en v\u00e4n i Venezuelas Nicolas Maduro, hans allierade i Iran \u00e4r under h\u00e5rd press och USA har bordat en ryskflaggad oljetanker trots Moskvas varningar.<\/p>\n<p>Och denna vecka startade med en siffra han garanterat inte \u00e4r s\u00e5 stolt \u00f6ver. 1\u00a0419 dagar.<\/p>\n<p>Det \u00e4r s\u00e5 l\u00e4nge kriget i Ukraina p\u00e5g\u00e5tt sedan den fullskaliga invasionen inleddes den 24 februari 2022. (Det g\u00e5r f\u00f6rst\u00e5s att r\u00e4kna konflikten \u00e4ven fr\u00e5n 2014).<\/p>\n<p>Det m\u00e5ste ha varit sm\u00e4rtsamt f\u00f6r Putin att se hur effektivt de amerikanska elitsoldaterna agerade i Caracas natten mot den 3 januari.<\/p>\n<p>Det var exakt vad han sj\u00e4lv hoppades och r\u00e4knade med skulle ske i Kiev under krigets f\u00f6rsta dagar. Ett undanr\u00f6jande av Ukrainas president Volodymyr Zelenskyj, och ett snabbt byte till Moskvatrogna ledare i Ukraina.<\/p>\n<p>I st\u00e4llet hade kriget allts\u00e5 i m\u00e5ndags p\u00e5g\u00e5tt i 1\u00a0419 dagar. En dag l\u00e4ngre \u00e4n det Stora fosterl\u00e4ndska kriget.<\/p>\n<p>Det \u00e4r s\u00e5 Sovjetunionen \u2013 och d\u00e4refter \u00e4ven <a href=\"https:\/\/www.expressen.se\/tagg\/location\/ryssland\/\" class=\"\" rel=\"nofollow noopener\" target=\"_blank\">Ryssland<\/a> \u2013 kallar det andra v\u00e4rldskriget. De har alltid f\u00f6redragit att r\u00e4kna konflikten fr\u00e5n den 22 juni 1941 d\u00e5 Adolf Hitlers Nazityskland invaderade Sovjetunionen.<\/p>\n<p>Molotov-Ribbentrop-pakten, uppstyckningen av Polen 1939, anfallet mot Finland i finska vinterkriget, ockupationen av de baltiska staterna \u2013 det \u00e4r inte riktigt n\u00e5got som de ryska historikerna och politikerna vill uppm\u00e4rksamma.<\/p>\n<p><strong>Vladimir Putin har som president lagt desto mer fokus p\u00e5 den ryska insatsen under kriget mot Nazityskland. Det som allts\u00e5 inleddes i juni 1941 och slutade den 9 maj 1945, 1<\/strong>\u00a0<strong>418 dagar senare.<\/strong><\/p>\n<p><strong>Under den tiden hade de sovjetiska soldaterna \u2013 m\u00e5nga av dem var f\u00f6rst\u00e5s ukrainare \u2013 f\u00f6rst retirerat till Moskvas ytterf\u00f6rorter och floden Volgas strand, f\u00f6r att sedan slutligen segerrikt er\u00f6vra Berlin.<\/strong><\/p>\n<p><img loading=\"lazy\"   alt=\"\"\/><\/p>\n<p>Soldater med den sovjetiska flaggan p\u00e5 riksdagshusets tak i Berlin i maj 1945.<\/p>\n<p>Foto: JEVGENIJ CHALDE\/TT<\/p>\n<p>\u00d6ppna bild i helsk\u00e4rm<\/p>\n<p>Det \u00e4r en bra bit p\u00e5 kartan. Putins krigskartor ser inte lika imponerande ut.<\/p>\n<p>Det Stora fosterl\u00e4ndska kriget slutade med seger, men Sovjetunionens inv\u00e5nare betalade ett ohyggligt h\u00f6gt pris. Redan mot slutet av 1941 uppgick de sovjetiska milit\u00e4ra f\u00f6rlusterna \u2013 d\u00f6da och tillf\u00e5ngatagna \u2013 till cirka tre miljoner.<\/p>\n<blockquote><p>\u201dAck s\u00e5 blygsamma\u201d<\/p><\/blockquote>\n<p>Men \u00e4ven Putins krig i Ukraina har st\u00e5tt ryssarna dyrt. F\u00f6rlusterna tros vara \u00f6ver en miljon, med minst 160\u00a0000 d\u00f6dade, antagligen betydligt fler.<\/p>\n<p>Men till skillnad fr\u00e5n \u00e5ren 1943 till 1945 \u2013 d\u00e5 krigslyckan v\u00e4nde p\u00e5 \u00f6stfronten \u2013 s\u00e5 har de ryska avancemangen i Ukraina varit ack s\u00e5 blygsamma.<\/p>\n<p>Ingenstans \u00e4r det tydligare \u00e4n i Donetsk-regionen d\u00e4r de mest intensiva striderna har p\u00e5g\u00e5tt de senaste tv\u00e5 \u00e5ren. Minns att ryska separatister h\u00f6ll regionhuvudstaden Donetsk och en rej\u00e4l bit av provinsen redan n\u00e4r invasionen inleddes 2022.<\/p>\n<p><img loading=\"lazy\"   alt=\"\"\/><\/p>\n<p>Ukrainskt artilleri \u00f6ppnar eld vid fronten i Pokrovsk.<\/p>\n<p>Foto: AA\/STELLA PICTURES<\/p>\n<p>\u00d6ppna bild i helsk\u00e4rm<\/p>\n<p><strong>Frontlinjen g\u00e5r i dag bland annat genom staden Pokrovsk. Det \u00e4r 60 kilometer fr\u00e5n staden Donetsk. Det \u00e4r cirka 1<\/strong>\u00a0<strong>800 kilometer fr\u00e5n Moskva till Berlin.<\/strong><\/p>\n<p><strong>Putin och Ryssland firar segerdagen \u00f6ver Nazityskland med en stor parad p\u00e5 R\u00f6da torget varje \u00e5r den 9 maj. Segerdagen \u00f6ver Ukraina k\u00e4nns \u00e4nnu avl\u00e4gsen.<\/strong><\/p>\n<p>Putins fr\u00e4msta hopp \u00e4r antagligen att kunna \u00f6vertyga Donald Trump och USA om att tvinga fram ukrainska eftergifter och \u00f6verl\u00e4mnande av de omr\u00e5den de fortfarande kontrollerar i Donetsk-regionen.<\/p>\n<p>Frontlinjen d\u00e4r \u00e4r rej\u00e4lt bef\u00e4st och inget tyder p\u00e5 att Ryssland st\u00e5r inf\u00f6r n\u00e5got genombrott. Inte minst dr\u00f6narkriget s\u00e4tter stopp f\u00f6r det.<\/p>\n<p>Den ryska stridsvagnen T-34 var ett av Sovjets segervapen under andra v\u00e4rldskriget. Ukrainska dr\u00f6nare har i detta krig f\u00f6rvandlat stridsvagnar och bepansrade fordon till d\u00f6dsf\u00e4llor.<\/p>\n<p>Ryssland har utvecklat olika skydd f\u00f6r stridsvagnar och presenterade nyligen en ny variant. Den kallas \u201dmaskrosen\u201d och f\u00f6rser stridvagnen med en m\u00e4ngd metallspr\u00f6t som f\u00e5r den att likna en \u00f6verblommad maskros.<\/p>\n<p>Det k\u00e4nns inte som n\u00e5got segervapen. S\u00e5 kriget forts\u00e4tter. Dag 1\u00a0420, 1\u00a0421, 1\u00a0422&#8230;<\/p>\n","protected":false},"excerpt":{"rendered":"Mats Larsson Publicerad 13 jan 2026 kl 18.43 Det \u00e4r ett datum Vladimir Putin valde att ignorera. En&hellip;\n","protected":false},"author":2,"featured_media":134787,"comment_status":"","ping_status":"","sticky":false,"template":"","format":"standard","meta":{"footnotes":""},"categories":[14],"tags":[22,23,26,27,17,21,24,25,274,202,28,29,15,16,2709,203,18,34,1492,31,33,32,30,19,60,20,51,52,53,54],"class_list":{"0":"post-134786","1":"post","2":"type-post","3":"status-publish","4":"format-standard","5":"has-post-thumbnail","7":"category-varlden","8":"tag-breaking-news","9":"tag-breakingnews","10":"tag-featured-news","11":"tag-featurednews","12":"tag-headlines","13":"tag-huvudnyheter","14":"tag-latest-news","15":"tag-latestnews","16":"tag-location-ryssland","17":"tag-location-ukraina","18":"tag-main-news","19":"tag-mainnews","20":"tag-news","21":"tag-nyheter","22":"tag-person-adolf-hitler","23":"tag-person-vladimir-putin","24":"tag-rubriker","25":"tag-se","26":"tag-sections-matslarsson","27":"tag-svenska","28":"tag-sverige","29":"tag-sweden","30":"tag-swedish","31":"tag-top-stories","32":"tag-topic-krig-konflikt","33":"tag-topstories","34":"tag-varlden","35":"tag-world","36":"tag-world-news","37":"tag-worldnews"},"share_on_mastodon":{"url":"https:\/\/pubeurope.com\/@se\/115889535886468987","error":""},"_links":{"self":[{"href":"https:\/\/www.europesays.com\/se\/wp-json\/wp\/v2\/posts\/134786","targetHints":{"allow":["GET"]}}],"collection":[{"href":"https:\/\/www.europesays.com\/se\/wp-json\/wp\/v2\/posts"}],"about":[{"href":"https:\/\/www.europesays.com\/se\/wp-json\/wp\/v2\/types\/post"}],"author":[{"embeddable":true,"href":"https:\/\/www.europesays.com\/se\/wp-json\/wp\/v2\/users\/2"}],"replies":[{"embeddable":true,"href":"https:\/\/www.europesays.com\/se\/wp-json\/wp\/v2\/comments?post=134786"}],"version-history":[{"count":0,"href":"https:\/\/www.europesays.com\/se\/wp-json\/wp\/v2\/posts\/134786\/revisions"}],"wp:featuredmedia":[{"embeddable":true,"href":"https:\/\/www.europesays.com\/se\/wp-json\/wp\/v2\/media\/134787"}],"wp:attachment":[{"href":"https:\/\/www.europesays.com\/se\/wp-json\/wp\/v2\/media?parent=134786"}],"wp:term":[{"taxonomy":"category","embeddable":true,"href":"https:\/\/www.europesays.com\/se\/wp-json\/wp\/v2\/categories?post=134786"},{"taxonomy":"post_tag","embeddable":true,"href":"https:\/\/www.europesays.com\/se\/wp-json\/wp\/v2\/tags?post=134786"}],"curies":[{"name":"wp","href":"https:\/\/api.w.org\/{rel}","templated":true}]}}