{"id":134788,"date":"2026-01-13T19:53:12","date_gmt":"2026-01-13T19:53:12","guid":{"rendered":"https:\/\/www.europesays.com\/se\/134788\/"},"modified":"2026-01-13T19:53:12","modified_gmt":"2026-01-13T19:53:12","slug":"s-nya-vardagsrum-for-stokigt-sverige-live-borde-tagga-ner","status":"publish","type":"post","link":"https:\/\/www.europesays.com\/se\/134788\/","title":{"rendered":"s nya vardagsrum f\u00f6r st\u00f6kigt \u2013 Sverige live borde tagga ner"},"content":{"rendered":"<p>\u201dSverige live\u201d borde tagga ner ett par hektoshare-arrowDela<\/p>\n<p>unsaveSpara<\/p>\n<p class=\"hyperion-css-1shl3oz\" data-test-tag=\"lead-text\">TV-KR\u00d6NIKA SVT:s \u201dEfter fem\u201d-konkurrent \u201dSverige live\u201d har potential, men \u00e4r \u00e4n s\u00e5 l\u00e4nge som den nya ungen i klassen.<\/p>\n<p class=\"hyperion-css-1shl3oz\" data-test-tag=\"lead-text\">F\u00f6rvirrad, f\u00f6r mycket, os\u00e4ker p\u00e5 sin plats och ivrig att behaga.<\/p>\n<p>expand-left<\/p>\n<p>helsk\u00e4rm<img decoding=\"async\" class=\"image-asset hyperion-css-u06ts1\" data-test-tag=\"image-asset\" src=\"https:\/\/www.europesays.com\/se\/wp-content\/uploads\/2026\/01\/4c7e5ec9-878f-4aee-80cb-4587dd2fdc0a.jpeg\"  alt=\"Pernilla M\u00e5nsson Colt, Jovan Radomir, Farah Abadi, Camilla Kvartoft och Alex Letic \u00e4r programledare f\u00f6r \u201dSverige live\u201d. \"  loading=\"eager\" fetchpriority=\"high\" style=\"aspect-ratio:1900 \/ 1069\"\/>Pernilla M\u00e5nsson Colt, Jovan Radomir, Farah Abadi, Camilla Kvartoft och Alex Letic \u00e4r programledare f\u00f6r \u201dSverige live\u201d. Foto: Eva Edsj\u00f6\/Janne Danielsson<\/p>\n<p class=\"hyperion-css-1v9qo5x\">En tre och en halv timme l\u00e5ng lives\u00e4ndning, plus premi\u00e4rnerver.<\/p>\n<p class=\"hyperion-css-1v9qo5x\">Det var kanske inte s\u00e5 konstigt att det blev en skakig start i m\u00e5ndags f\u00f6r SVT:s nya f\u00f6rkv\u00e4llsprogram \u201d<a data-test-tag=\"internal-link\" href=\"https:\/\/www.aftonbladet.se\/nojesbladet\/a\/nykKRQ\/inger-ljung-olsson-och-beppe-starbrink-fran-gokvall-om-nya-sverige-live\" class=\"hyperion-css-15jkft9\" rel=\"nofollow noopener\" target=\"\" aria-label=\"Sverige live\" theme=\"entertainment\">Sverige live<\/a>\u201d, som delvis ers\u00e4tter den gamla l\u00e5ngk\u00f6raren \u201dGo\u2019kv\u00e4ll\u201d men framf\u00f6r allt verkar vara t\u00e4nkt att <a data-test-tag=\"internal-link\" href=\"https:\/\/www.aftonbladet.se\/nojesbladet\/a\/BxlrVl\/efter-fem-programledarna-om-nya-svt-programmet-sverige-live\" class=\"hyperion-css-15jkft9\" rel=\"nofollow noopener\" target=\"\" aria-label=\"konkurrera med TV4:s\" theme=\"entertainment\">konkurrera med TV4:s<\/a> \u201dEfter fem\u201d.\u00a0<\/p>\n<p class=\"hyperion-css-1v9qo5x\">\u00c4ven om SVT inte t\u00e4nker erk\u00e4nna det.<\/p>\n<p class=\"hyperion-css-1v9qo5x\">Det var <strong>Farah Abadi <\/strong>och<strong> <\/strong><a data-test-tag=\"internal-link\" href=\"https:\/\/www.aftonbladet.se\/tagg\/jovan-radomir\" class=\"hyperion-css-15jkft9\" rel=\"nofollow noopener\" target=\"\" theme=\"entertainment\"><strong>Jovan Radomir<\/strong><\/a><strong> <\/strong>som h\u00f6ll i s\u00e4ndningen, men ett gytter av andra programledare och profiler skulle ocks\u00e5 presenteras och vara med p\u00e5 ett h\u00f6rn. Och alla var taggade till t\u00e4nderna, som ett tjejg\u00e4ng p\u00e5 v\u00e4g ombord p\u00e5 en finlandsf\u00e4rja med proseccoflaskorna utstickande ur handv\u00e4skorna.<\/p>\n<p>expand-left<\/p>\n<p>helsk\u00e4rm<img decoding=\"async\" class=\"image-asset hyperion-css-u06ts1\" data-test-tag=\"image-asset\" src=\"https:\/\/www.europesays.com\/se\/wp-content\/uploads\/2026\/01\/0dd180f5-6164-4cbb-aa83-112217acf790.png\"  alt=\"Farah Abadi och Jovan Radomir i \u201dSverige live\u201d. \"  loading=\"eager\" fetchpriority=\"high\" style=\"aspect-ratio:1900 \/ 1052\"\/>Farah Abadi och Jovan Radomir i \u201dSverige live\u201d. Foto: SVT. <\/p>\n<p class=\"hyperion-css-1v9qo5x\">Peppen var total och fy fasiken vad alla var bra och s\u00e5 h\u00e4rligt vi skulle ha.\u00a0<\/p>\n<p class=\"hyperion-css-1v9qo5x\">Det skulle bli nyheter, v\u00e4der, kultur, sport, matlagning, sp\u00e4nnande m\u00f6ten, vardagstips, praktiska r\u00e5d, relationer, kungligt, fredagsquiz fr\u00e5n G\u00f6teborg, <strong>Anne Lundberg <\/strong>direkt fr\u00e5n Sk\u00e5ne med sp\u00e4nnande g\u00e4ster, \u201dG\u00f6r om mig\u201d, \u201dFr\u00e5ga doktorn\u201d, och rapporter fr\u00e5n Sveriges och v\u00e4rldens olika h\u00f6rn. Tittarna skulle ladda ner Duo-appen och chatta och st\u00e4lla fr\u00e5gor och komma med synpunkter och skicka in bilder p\u00e5 det fascinerande v\u00e4derfenomen utanf\u00f6r f\u00f6nstret som \u00e5terkommer varje \u00e5r och traditionellt sett kallas f\u00f6r vinter. Programmet skulle vara ett s\u00e4llskap och en samlingspunkt fr\u00e5n klockan 16 p\u00e5 vardagarna, och p\u00e5 l\u00f6rdagarna skulle det bli fart, fl\u00e4rd, fest och helgfeeling med <strong>Alex Letic<\/strong>, fr\u00e5n klockan 18.15.<\/p>\n<p>expand-left<\/p>\n<p>helsk\u00e4rm<img decoding=\"async\" class=\"image-asset hyperion-css-u06ts1\" data-test-tag=\"image-asset\" src=\"https:\/\/www.europesays.com\/se\/wp-content\/uploads\/2026\/01\/5f8c3475-ad5d-4896-81c8-7ad6eb48431a.jpeg\"  alt=\"Carl Bildt var en av g\u00e4sterna i m\u00e5ndagens program. \"  loading=\"eager\" fetchpriority=\"high\" style=\"aspect-ratio:1900 \/ 1048\"\/>Carl Bildt var en av g\u00e4sterna i m\u00e5ndagens program. Foto: SVT. <\/p>\n<p class=\"hyperion-css-1v9qo5x\">Puh, t\u00e4nkte man, utmattad innan det ens hade b\u00f6rjat och sugen p\u00e5 att f\u00e5 zappa \u00f6ver till <strong>Tilde de Paula Eby<\/strong> och de andra trygga hamnarna p\u00e5 p\u00e5 det v\u00e4loljade maskineriet \u201dEfter fem\u201d. Och sedan f\u00f6ljde ett sammelsurium av ditten och datten, fr\u00e5n <strong>Mats Knutson<\/strong> p\u00e5 Folk och f\u00f6rsvar i S\u00e4len och f\u00f6rklaring av v\u00e4rldsl\u00e4get med<strong> Carl Bildt<\/strong>, som numera verkar ha flyttat in hos SVT, till Golden Globe, surdegsbak och funderingar kring huruvida man kan s\u00e4tta guldkant p\u00e5 januari med hj\u00e4lp av ketchup. D\u00e5 och d\u00e5 d\u00f6k \u201dSverige idag\u201d upp som lokalnyhetsgubben i l\u00e5dan, och i Malm\u00f6 tillreddes en \u00e4ggakaka i en evighet. Efter n\u00e4rmare tre timmar b\u00f6rjade till och med Abadi undra n\u00e4r den skulle bli klar eftersom processen till slut blev orimlig.<\/p>\n<p class=\"hyperion-css-1v9qo5x\">Och som gr\u00e4dde p\u00e5 moset i denna kl\u00e4mk\u00e4cka kakofoni av tv\u00e4ra kast mellan allvar, fluff och mer fluff, tillkom en del strul med det tekniska och det praktiska.<\/p>\n<p class=\"hyperion-css-1v9qo5x\">G\u00e4ster r\u00f6rde sig <a data-test-tag=\"internal-link\" href=\"https:\/\/www.aftonbladet.se\/nojesbladet\/a\/d4lJ8B\/alex-schulmans-pik-i-svt-s-sverige-live-farah-abadis-svar\" class=\"hyperion-css-15jkft9\" rel=\"nofollow noopener\" target=\"\" aria-label=\"obekv\u00e4mt in och ut ur bild\" theme=\"entertainment\">obekv\u00e4mt in och ut ur bild<\/a>, lampor sl\u00e4cktes f\u00f6r tidigt, blickar s\u00f6kte efter r\u00e4tt st\u00e4lle att riktas mot, och programledarna var inte alltid helt beredda p\u00e5 kamerorna. Eller om det var kamerorna som inte alltid var helt beredda p\u00e5 dem.<\/p>\n<p>expand-left<\/p>\n<p>helsk\u00e4rm<img decoding=\"async\" class=\"image-asset hyperion-css-u06ts1\" data-test-tag=\"image-asset\" src=\"https:\/\/www.europesays.com\/se\/wp-content\/uploads\/2026\/01\/44670750-5a31-4af3-8ac8-c4d4a0b95f77.png\"  alt=\"Alex Schulman och Helena Bergstr\u00f6m p\u00e5 v\u00e4g till intervjusofforna. \"  loading=\"eager\" fetchpriority=\"high\" style=\"aspect-ratio:1900 \/ 1235\"\/>Alex Schulman och Helena Bergstr\u00f6m p\u00e5 v\u00e4g till intervjusofforna. Foto: SVT. <\/p>\n<p class=\"hyperion-css-1v9qo5x\">Det var dock, som sagt, en premi\u00e4rs\u00e4ndning, och redan i tisdagens program b\u00f6rjade det hela k\u00e4nnas lite mindre pajigt. Allt satt aningen b\u00e4ttre.<\/p>\n<p class=\"hyperion-css-1v9qo5x\">Men varf\u00f6r s\u00e5 flaxigt?<\/p>\n<p class=\"hyperion-css-1v9qo5x\">Om Anne Lundberg till exempel ska prata om tulpaner med <strong>Karl Fredrik<\/strong> p\u00e5 \u00d6sterlen, m\u00e5ste man d\u00e5 f\u00f6rst visa en helt meningsl\u00f6s teaser med henne n\u00e5gonstans utanf\u00f6r st\u00e4llet de ska tr\u00e4ffas p\u00e5, medan programledarna och tv\u00e5 g\u00e4ster sitter i soffan och v\u00e4ntar p\u00e5 att hon ska bli tyst s\u00e5 att de kan f\u00e5 b\u00f6rja prata om personlighetsst\u00f6rningen narcissism?<\/p>\n<p class=\"hyperion-css-1v9qo5x\">Om<strong> Kristofer Lundstr\u00f6m<\/strong> har pratat om<strong> David Bowie<\/strong>, m\u00e5ste d\u00e5 <strong>Oscar Idemark <\/strong>verkligen ber\u00e4tta om sin helt obefintliga och allts\u00e5 ocks\u00e5 helt ointressanta relation till den brittiska musikikonen innan han f\u00e5r b\u00f6rja l\u00e4sa lokalnyheterna?<\/p>\n<p class=\"hyperion-css-1v9qo5x\">Det \u00e4r \u00f6verlag ett himla hoppande och springande fram och tillbaka, med krystade \u00f6verg\u00e5ngar, sm\u00e5tt parodiska inslag, po\u00e4ngl\u00f6st pladder och en \u00f6vergripande k\u00e4nsla av \u00e4ngslighet och \u00f6verdriven inst\u00e4llsamhet. Och om \u201dSverige live\u201d vill bli Sveriges nya \u201dvardagsrum\u201d m\u00e5ste de b\u00f6rja med att tagga ner ett par hekto och hitta lugnet och sj\u00e4lvf\u00f6rtroendet. <\/p>\n<p class=\"hyperion-css-1v9qo5x\">F\u00f6r i det h\u00e4r orkar man inte vistas n\u00e5gra l\u00e4ngre stunder.<\/p>\n<p>expand-left<\/p>\n<p>helsk\u00e4rm<img decoding=\"async\" class=\"image-asset hyperion-css-u06ts1\" data-test-tag=\"image-asset\" src=\"https:\/\/www.europesays.com\/se\/wp-content\/uploads\/2026\/01\/99ec4fa7-e6dc-4108-9cf5-e85e6c532008.jpeg\"  alt=\"Farah Abadi och Jovan Radomir i tisdagens \u201dSverige live\u201d. \"  loading=\"eager\" fetchpriority=\"high\" style=\"aspect-ratio:1900 \/ 1086\"\/>Farah Abadi och Jovan Radomir i tisdagens \u201dSverige live\u201d. Foto: SVT. <img decoding=\"async\" src=\"https:\/\/www.europesays.com\/se\/wp-content\/uploads\/2025\/08\/9add73646127c36e48c4a927b199b7c2.jpg\" class=\"thumbnail-image_fbfd\" alt=\"67. God Jul alla deppiga k\u00e4ndisar\"\/><\/p>\n<p>67. God Jul alla deppiga k\u00e4ndisar<\/p>\n<p>38:23<\/p>\n","protected":false},"excerpt":{"rendered":"\u201dSverige live\u201d borde tagga ner ett par hektoshare-arrowDela unsaveSpara TV-KR\u00d6NIKA SVT:s \u201dEfter fem\u201d-konkurrent \u201dSverige live\u201d har potential, men&hellip;\n","protected":false},"author":2,"featured_media":134789,"comment_status":"","ping_status":"","sticky":false,"template":"","format":"standard","meta":{"footnotes":""},"categories":[5],"tags":[22,23,26,27,17,21,24,25,28,29,15,16,18,34,31,33,32,30,19,20],"class_list":{"0":"post-134788","1":"post","2":"type-post","3":"status-publish","4":"format-standard","5":"has-post-thumbnail","7":"category-rubriker","8":"tag-breaking-news","9":"tag-breakingnews","10":"tag-featured-news","11":"tag-featurednews","12":"tag-headlines","13":"tag-huvudnyheter","14":"tag-latest-news","15":"tag-latestnews","16":"tag-main-news","17":"tag-mainnews","18":"tag-news","19":"tag-nyheter","20":"tag-rubriker","21":"tag-se","22":"tag-svenska","23":"tag-sverige","24":"tag-sweden","25":"tag-swedish","26":"tag-top-stories","27":"tag-topstories"},"share_on_mastodon":{"url":"https:\/\/pubeurope.com\/@se\/115889543790759255","error":""},"_links":{"self":[{"href":"https:\/\/www.europesays.com\/se\/wp-json\/wp\/v2\/posts\/134788","targetHints":{"allow":["GET"]}}],"collection":[{"href":"https:\/\/www.europesays.com\/se\/wp-json\/wp\/v2\/posts"}],"about":[{"href":"https:\/\/www.europesays.com\/se\/wp-json\/wp\/v2\/types\/post"}],"author":[{"embeddable":true,"href":"https:\/\/www.europesays.com\/se\/wp-json\/wp\/v2\/users\/2"}],"replies":[{"embeddable":true,"href":"https:\/\/www.europesays.com\/se\/wp-json\/wp\/v2\/comments?post=134788"}],"version-history":[{"count":0,"href":"https:\/\/www.europesays.com\/se\/wp-json\/wp\/v2\/posts\/134788\/revisions"}],"wp:featuredmedia":[{"embeddable":true,"href":"https:\/\/www.europesays.com\/se\/wp-json\/wp\/v2\/media\/134789"}],"wp:attachment":[{"href":"https:\/\/www.europesays.com\/se\/wp-json\/wp\/v2\/media?parent=134788"}],"wp:term":[{"taxonomy":"category","embeddable":true,"href":"https:\/\/www.europesays.com\/se\/wp-json\/wp\/v2\/categories?post=134788"},{"taxonomy":"post_tag","embeddable":true,"href":"https:\/\/www.europesays.com\/se\/wp-json\/wp\/v2\/tags?post=134788"}],"curies":[{"name":"wp","href":"https:\/\/api.w.org\/{rel}","templated":true}]}}