{"id":134790,"date":"2026-01-13T19:55:11","date_gmt":"2026-01-13T19:55:11","guid":{"rendered":"https:\/\/www.europesays.com\/se\/134790\/"},"modified":"2026-01-13T19:55:11","modified_gmt":"2026-01-13T19:55:11","slug":"petter-vesterheim-forlanger-med-malmo-redhawks-till-2029","status":"publish","type":"post","link":"https:\/\/www.europesays.com\/se\/134790\/","title":{"rendered":"Petter Vesterheim f\u00f6rl\u00e4nger med Malm\u00f6 Redhawks till 2029"},"content":{"rendered":"<p><strong>Petter Vesterheim stannar i <a href=\"https:\/\/hockeysverige.se\/klubb\/malmo-redhawks\" rel=\"nofollow noopener\" target=\"_blank\">Malm\u00f6 Redhawks<\/a>. <br \/>Trots att han redan hade kontrakt till 2027 f\u00f6rl\u00e4ngs avtalet nu till 2029. <br \/>\u2013 Petter var tydlig med att han ville stanna i Redhawks och vara lojal mot klubben, s\u00e4ger sportchef Oscar Alsenfelt. <\/strong><\/p>\n<p><img loading=\"lazy\" decoding=\"async\" width=\"1024\" height=\"658\" src=\"https:\/\/www.europesays.com\/se\/wp-content\/uploads\/2026\/01\/Petter-Vesterheim-1024x658.webp.webp\" alt=\"Petter Vesterheim.\" class=\"wp-image-345114\"  \/>Petter Vesterheim \u00e4r klar f\u00f6r tre nya \u00e5r i Malm\u00f6 Redhawks. <strong>Foto:<\/strong> Christian \u00d6rnberg\/Bildbyr\u00e5n<\/p>\n<p>F\u00f6r ett par veckor sedan f\u00f6rl\u00e4ngde Malm\u00f6 med Thomas Berg-Paulsen till 2029. Nu s\u00e4krar Redhawks \u00e4ven upp ytterligare en norsk landslagsspelare f\u00f6r de tre kommande \u00e5ren. <\/p>\n<p>21-\u00e5rige Petter Vesterheim hade redan ett avtal med Malm\u00f6 som str\u00e4ckte sig till 2027. Men nu st\u00e5r det klart att parterna \u00e4nd\u00e5 har enats om ett nytt kontrakt, som i st\u00e4llet g\u00e4ller fram till 2029. <\/p>\n<p>\u2013 Jag \u00e4r v\u00e4ldigt stolt och tacksam \u00f6ver att f\u00e5 forts\u00e4tta min resa i Redhawks. Jag trivs j\u00e4ttebra i laget, klubben och staden, och det k\u00e4nns som att vi har n\u00e5got riktigt bra p\u00e5 g\u00e5ng, s\u00e4ger Vesterheim p\u00e5 klubbens <a href=\"https:\/\/www.malmoredhawks.com\/article\/il6at8l-33nad\/view\" rel=\"nofollow noopener\" target=\"_blank\">hemsida<\/a>.<\/p>\n<p>Petter Vesterheim stannar i Malm\u00f6 Redhawks<\/p>\n<p>Petter Vesterheim v\u00e4rvades till Malm\u00f6 fr\u00e5n Mora 2024. Under fjol\u00e5ret tillbringade dock centern stora delar av s\u00e4songen tillbaka i HockeyAllsvenskan med Mora. I Malm\u00f6 blev det endast 0+1 p\u00e5 18 matcher i grundserien och slutspelet f\u00f6r Vesterheim. Till \u00e5rets s\u00e4song har norrmannen d\u00e4remot tagit en ordinarie plats i Malm\u00f6s laguppst\u00e4llning och \u00e4ven visat upp ett fint spel. <\/p>\n<p>Han har noterats f\u00f6r \u00e5tta po\u00e4ng p\u00e5 34 matcher i <a href=\"https:\/\/hockeysverige.se\/shl\" rel=\"nofollow noopener\" target=\"_blank\">SHL<\/a> s\u00e5 h\u00e4r l\u00e5ngt den h\u00e4r s\u00e4songen. <\/p>\n<p>\u2013 Petter \u00e4r en spelare som vi sett ta bra kliv denna s\u00e4song. Han utvecklas b\u00e5de p\u00e5 och utanf\u00f6r isen, tar ett st\u00f6rre ansvar och passar in i hur vi vill spela v\u00e5r hockey. Trots ett avtal n\u00e4sta \u00e5r s\u00e5 var Petter tydlig med att han ville stanna i Redhawks och vara lojal mot klubben, och vi k\u00e4nner likadant. Vi tror p\u00e5 fortsatt utveckling tillsammans. Vi har lagt en ny plan kommande tre \u00e5ren och k\u00e4nner oss trygga med att Petter kommer v\u00e4xa i det f\u00f6rtroendet, s\u00e4ger sportchef Oscar Alsenfelt.<\/p>\n<p> Source: <a href=\"https:\/\/www.eliteprospects.com\/player\/535858\/petter-vesterheim\" target=\"_blank\" rel=\"noopener noreferrer nofollow\">Petter Vesterheim<\/a> @ Elite Prospects<\/p>\n","protected":false},"excerpt":{"rendered":"Petter Vesterheim stannar i Malm\u00f6 Redhawks. Trots att han redan hade kontrakt till 2027 f\u00f6rl\u00e4ngs avtalet nu till&hellip;\n","protected":false},"author":2,"featured_media":134791,"comment_status":"","ping_status":"","sticky":false,"template":"","format":"standard","meta":{"footnotes":""},"categories":[68],"tags":[34,133,134,111,110,31,33,32,30],"class_list":{"0":"post-134790","1":"post","2":"type-post","3":"status-publish","4":"format-standard","5":"has-post-thumbnail","7":"category-sport","8":"tag-se","9":"tag-second-news","10":"tag-shl","11":"tag-sport","12":"tag-sports","13":"tag-svenska","14":"tag-sverige","15":"tag-sweden","16":"tag-swedish"},"share_on_mastodon":{"url":"https:\/\/pubeurope.com\/@se\/115889551647378915","error":""},"_links":{"self":[{"href":"https:\/\/www.europesays.com\/se\/wp-json\/wp\/v2\/posts\/134790","targetHints":{"allow":["GET"]}}],"collection":[{"href":"https:\/\/www.europesays.com\/se\/wp-json\/wp\/v2\/posts"}],"about":[{"href":"https:\/\/www.europesays.com\/se\/wp-json\/wp\/v2\/types\/post"}],"author":[{"embeddable":true,"href":"https:\/\/www.europesays.com\/se\/wp-json\/wp\/v2\/users\/2"}],"replies":[{"embeddable":true,"href":"https:\/\/www.europesays.com\/se\/wp-json\/wp\/v2\/comments?post=134790"}],"version-history":[{"count":0,"href":"https:\/\/www.europesays.com\/se\/wp-json\/wp\/v2\/posts\/134790\/revisions"}],"wp:featuredmedia":[{"embeddable":true,"href":"https:\/\/www.europesays.com\/se\/wp-json\/wp\/v2\/media\/134791"}],"wp:attachment":[{"href":"https:\/\/www.europesays.com\/se\/wp-json\/wp\/v2\/media?parent=134790"}],"wp:term":[{"taxonomy":"category","embeddable":true,"href":"https:\/\/www.europesays.com\/se\/wp-json\/wp\/v2\/categories?post=134790"},{"taxonomy":"post_tag","embeddable":true,"href":"https:\/\/www.europesays.com\/se\/wp-json\/wp\/v2\/tags?post=134790"}],"curies":[{"name":"wp","href":"https:\/\/api.w.org\/{rel}","templated":true}]}}