{"id":134796,"date":"2026-01-13T20:01:13","date_gmt":"2026-01-13T20:01:13","guid":{"rendered":"https:\/\/www.europesays.com\/se\/134796\/"},"modified":"2026-01-13T20:01:13","modified_gmt":"2026-01-13T20:01:13","slug":"ledargestalten-om-abbotts-ankomst-behover-inte-radda-varlden-nwt","status":"publish","type":"post","link":"https:\/\/www.europesays.com\/se\/134796\/","title":{"rendered":"Ledargestalten om Abbotts ankomst: \u201dBeh\u00f6ver inte r\u00e4dda v\u00e4rlden\u201d &#8211; NWT"},"content":{"rendered":"<ol>\n<li><a href=\"https:\/\/news.google.com\/rss\/articles\/CBMingFBVV95cUxOZlJKVlRwUVA5Y1lnX3k3MzlKUlBjTVV4aGpOSndfbzVPV1ctMXoxZjR4TERULTI1YUFVY2k3enlUQzBMQUgxODdXajVsdXNfZGlGTlpqSjhhZ3F5X05QU0ZfSkg2aEw1V3dJb0J1U3BOV0hpb0Z6NW9VU2lsWGxYN0kxM1ZSanpkRE81MDhYX0tCNHBMUWZSN2lzaExiZw?oc=5\" target=\"_blank\" rel=\"nofollow noopener\">Ledargestalten om Abbotts ankomst: \u201dBeh\u00f6ver inte r\u00e4dda v\u00e4rlden\u201d<\/a>&nbsp;&nbsp;NWT<\/li>\n<li><a href=\"https:\/\/news.google.com\/rss\/articles\/CBMivAFBVV95cUxQQUdoT0p2RzVSYVFMVVc2ZFhRbEhHbWtGWXVxeGZlMU5wZmxlUVdMQXRfbTNqOXRpb3p6TmNhZ0UyZWVuWW9rS0JMcFZRTUNpajJRckJzUXo2eXJlUUZXTzczZWtmRnQtbEtmYW1QMkt1TnFxSnF6ck5jNXFma3BVYmo2MVM3Q2xBUk4wSUpZUEszTEd0aFY5dURCZWpSTDdEc1p6SUQzc0JURnc4TGhzRVFEN29pWmVJakZ0Xw?oc=5\" target=\"_blank\" rel=\"nofollow noopener\">SHL-panelen: S\u00e5 h\u00e4r kommer det att g\u00e5 f\u00f6r F\u00e4rjestad under Abbott<\/a>&nbsp;&nbsp;Aftonbladet<\/li>\n<li><a href=\"https:\/\/news.google.com\/rss\/articles\/CBMiY0FVX3lxTE0xU3dlc2h4QVZOMmVsUDVCMjZnR1ZsRlFMQ2F5N2R6NlQ0OEpGSXNFUkRGSWw1cXU5ZVdIUWJiVXoyNXptcGJzZXQ0Ti1MbXl2bEU0cEhBcmVSTm9iaWd2WWtxOA?oc=5\" target=\"_blank\" rel=\"nofollow noopener\">Cam Abbott ny huvudtr\u00e4nare f\u00f6r F\u00e4rjestad BK<\/a>&nbsp;&nbsp;F\u00e4rjestad BK<\/li>\n<li><a href=\"https:\/\/news.google.com\/rss\/articles\/CBMinwFBVV95cUxNMk9JWm9GYkdabU5iOEZHWi1mOGRZLVB1Um1mb2F1UThVMFZ6NDdBdklSMU1Za0dPTzlUeWxoeWFTMEhmenc2eTR0VTFyay1QT1FDRmItRHQwRmhlQW9FUDVuOW9BMXZSZFFVbFpRWTl4UjMteFhoOU93OTJhbW9kckh6NkgwSmFvdFhtMW9Id3Bab3NMakVteU9ZdXFGcWs?oc=5\" target=\"_blank\" rel=\"nofollow noopener\">Spelet bakom \u2013 d\u00e5 var f\u00f6rtroendet f\u00f6rbrukat \u2022 M\u00f6tet med spelarna \u2022 Sprickan<\/a>&nbsp;&nbsp;Expressen<\/li>\n<li><a href=\"https:\/\/news.google.com\/rss\/articles\/CBMijwFBVV95cUxOb3VYSmw4ZUVoOXpyYjJJaGROQU10bW9KYll0MWduNVJ0Y3E3eWRmd1hiR2hOOGtuSHRkTXB3bENabDVXNzBZT2syWDJfSzN5bGtSOHJkcFRybktXT1FpbWJQUTllejd4cTlUWVZmbVlGTlNfZ2FXV1JacHBkODJoTzRtYzNERERIOVdkQ2c0Yw?oc=5\" target=\"_blank\" rel=\"nofollow noopener\">Hockeystormen i Karlstad: \u201dDen vardagen man lever i\u201d<\/a>&nbsp;&nbsp;Sveriges Radio<\/li>\n<\/ol>\n","protected":false},"excerpt":{"rendered":"Ledargestalten om Abbotts ankomst: \u201dBeh\u00f6ver inte r\u00e4dda v\u00e4rlden\u201d&nbsp;&nbsp;NWT SHL-panelen: S\u00e5 h\u00e4r kommer det att g\u00e5 f\u00f6r F\u00e4rjestad under&hellip;\n","protected":false},"author":2,"featured_media":134797,"comment_status":"","ping_status":"","sticky":false,"template":"","format":"standard","meta":{"footnotes":""},"categories":[5],"tags":[22,23,26,27,17,21,24,25,28,29,15,16,18,34,31,33,32,30,19,20],"class_list":{"0":"post-134796","1":"post","2":"type-post","3":"status-publish","4":"format-standard","5":"has-post-thumbnail","7":"category-rubriker","8":"tag-breaking-news","9":"tag-breakingnews","10":"tag-featured-news","11":"tag-featurednews","12":"tag-headlines","13":"tag-huvudnyheter","14":"tag-latest-news","15":"tag-latestnews","16":"tag-main-news","17":"tag-mainnews","18":"tag-news","19":"tag-nyheter","20":"tag-rubriker","21":"tag-se","22":"tag-svenska","23":"tag-sverige","24":"tag-sweden","25":"tag-swedish","26":"tag-top-stories","27":"tag-topstories"},"share_on_mastodon":{"url":"https:\/\/pubeurope.com\/@se\/115889575237035550","error":""},"_links":{"self":[{"href":"https:\/\/www.europesays.com\/se\/wp-json\/wp\/v2\/posts\/134796","targetHints":{"allow":["GET"]}}],"collection":[{"href":"https:\/\/www.europesays.com\/se\/wp-json\/wp\/v2\/posts"}],"about":[{"href":"https:\/\/www.europesays.com\/se\/wp-json\/wp\/v2\/types\/post"}],"author":[{"embeddable":true,"href":"https:\/\/www.europesays.com\/se\/wp-json\/wp\/v2\/users\/2"}],"replies":[{"embeddable":true,"href":"https:\/\/www.europesays.com\/se\/wp-json\/wp\/v2\/comments?post=134796"}],"version-history":[{"count":0,"href":"https:\/\/www.europesays.com\/se\/wp-json\/wp\/v2\/posts\/134796\/revisions"}],"wp:featuredmedia":[{"embeddable":true,"href":"https:\/\/www.europesays.com\/se\/wp-json\/wp\/v2\/media\/134797"}],"wp:attachment":[{"href":"https:\/\/www.europesays.com\/se\/wp-json\/wp\/v2\/media?parent=134796"}],"wp:term":[{"taxonomy":"category","embeddable":true,"href":"https:\/\/www.europesays.com\/se\/wp-json\/wp\/v2\/categories?post=134796"},{"taxonomy":"post_tag","embeddable":true,"href":"https:\/\/www.europesays.com\/se\/wp-json\/wp\/v2\/tags?post=134796"}],"curies":[{"name":"wp","href":"https:\/\/api.w.org\/{rel}","templated":true}]}}