{"id":134798,"date":"2026-01-13T20:03:10","date_gmt":"2026-01-13T20:03:10","guid":{"rendered":"https:\/\/www.europesays.com\/se\/134798\/"},"modified":"2026-01-13T20:03:10","modified_gmt":"2026-01-13T20:03:10","slug":"slaglage-for-anna-swenn-larsson-alpint","status":"publish","type":"post","link":"https:\/\/www.europesays.com\/se\/134798\/","title":{"rendered":"Slagl\u00e4ge f\u00f6r Anna Swenn Larsson | Alpint"},"content":{"rendered":"<p>Publicerad 13 jan 2026 kl 18.47Uppdaterad kl 20.41<\/p>\n<p>Slagl\u00e4ge f\u00f6r Anna Swenn Larsson.\u00a0<\/p>\n<p>Svenskan svarade f\u00f6r ett fint f\u00f6rsta \u00e5k i slalomen i Flaschau. \u00a0<\/p>\n<p><img   alt=\"\"\/><\/p>\n<p>Anna Swenn Larsson.<\/p>\n<p>Foto: GEPA PICTURES\/ WOLFGANG GREBIEN \/ GEPA PICTURES BILDBYR\u00c5N<\/p>\n<p>\u00d6ppna bild i helsk\u00e4rm<\/p>\n<p><a href=\"https:\/\/www.expressen.se\/tagg\/person\/anna-swenn-larsson\/\" class=\"\" rel=\"nofollow noopener\" target=\"_blank\">Anna Swenn Larsson<\/a> har inte presterat p\u00e5 t\u00e4vlingar den h\u00e4r s\u00e4songen.\u00a0<\/p>\n<p>Men kanske kan hon g\u00f6ra det nu.\u00a0<\/p>\n<p>Svenskan svarade f\u00f6r ett fint f\u00f6rsta \u00e5k i kv\u00e4llsslalomen i Falschau, \u00d6sterrike. Inf\u00f6r det andra ligger hon p\u00e5 en fin femteplats, 80 hundradelar bakom ledande amerikanskan Mikaela Shiffrin.\u00a0<\/p>\n<p>Swenn Larsson har inte tagit n\u00e5gon pallplats i \u00e5r och har slutat femma som b\u00e4st.\u00a0<\/p>\n<p>Sara Hector tog sig ocks\u00e5 ner under det f\u00f6rsta \u00e5ket. Hon \u00e5kte in p\u00e5 en \u00e5ttondeplats, 1.66 bakom.\u00a0<\/p>\n<p>Estelle Alphand ligger p\u00e5 15:e plats, 2.58 bakom ledning.\u00a0<\/p>\n<p>Flera k\u00f6rde ur<\/p>\n<p>V\u00e4rre gick det f\u00f6r Cornelia \u00d6hlund, Moa Landstr\u00f6m och Hanna Aronsson Elfman som b\u00e5da k\u00f6rde ur och har t\u00e4vlat klart f\u00f6r kv\u00e4llen. Det var dom l\u00e5ngt ifr\u00e5n ensamma om. Totalt k\u00f6rde 29 \u00e5kare ur.\u00a0<\/p>\n","protected":false},"excerpt":{"rendered":"Publicerad 13 jan 2026 kl 18.47Uppdaterad kl 20.41 Slagl\u00e4ge f\u00f6r Anna Swenn Larsson.\u00a0 Svenskan svarade f\u00f6r ett fint&hellip;\n","protected":false},"author":2,"featured_media":134799,"comment_status":"","ping_status":"","sticky":false,"template":"","format":"standard","meta":{"footnotes":""},"categories":[68],"tags":[13643,5936,34,1175,111,110,31,33,32,30],"class_list":{"0":"post-134798","1":"post","2":"type-post","3":"status-publish","4":"format-standard","5":"has-post-thumbnail","7":"category-sport","8":"tag-person-anna-swenn-larsson","9":"tag-person-sara-hector","10":"tag-se","11":"tag-sections-alpint","12":"tag-sport","13":"tag-sports","14":"tag-svenska","15":"tag-sverige","16":"tag-sweden","17":"tag-swedish"},"share_on_mastodon":{"url":"https:\/\/pubeurope.com\/@se\/115889583033915556","error":""},"_links":{"self":[{"href":"https:\/\/www.europesays.com\/se\/wp-json\/wp\/v2\/posts\/134798","targetHints":{"allow":["GET"]}}],"collection":[{"href":"https:\/\/www.europesays.com\/se\/wp-json\/wp\/v2\/posts"}],"about":[{"href":"https:\/\/www.europesays.com\/se\/wp-json\/wp\/v2\/types\/post"}],"author":[{"embeddable":true,"href":"https:\/\/www.europesays.com\/se\/wp-json\/wp\/v2\/users\/2"}],"replies":[{"embeddable":true,"href":"https:\/\/www.europesays.com\/se\/wp-json\/wp\/v2\/comments?post=134798"}],"version-history":[{"count":0,"href":"https:\/\/www.europesays.com\/se\/wp-json\/wp\/v2\/posts\/134798\/revisions"}],"wp:featuredmedia":[{"embeddable":true,"href":"https:\/\/www.europesays.com\/se\/wp-json\/wp\/v2\/media\/134799"}],"wp:attachment":[{"href":"https:\/\/www.europesays.com\/se\/wp-json\/wp\/v2\/media?parent=134798"}],"wp:term":[{"taxonomy":"category","embeddable":true,"href":"https:\/\/www.europesays.com\/se\/wp-json\/wp\/v2\/categories?post=134798"},{"taxonomy":"post_tag","embeddable":true,"href":"https:\/\/www.europesays.com\/se\/wp-json\/wp\/v2\/tags?post=134798"}],"curies":[{"name":"wp","href":"https:\/\/api.w.org\/{rel}","templated":true}]}}