{"id":134800,"date":"2026-01-13T20:06:15","date_gmt":"2026-01-13T20:06:15","guid":{"rendered":"https:\/\/www.europesays.com\/se\/134800\/"},"modified":"2026-01-13T20:06:15","modified_gmt":"2026-01-13T20:06:15","slug":"stockholmsborsen-backar-vid-lunchtid-bankaktier-i-topp","status":"publish","type":"post","link":"https:\/\/www.europesays.com\/se\/134800\/","title":{"rendered":"Stockholmsb\u00f6rsen backar vid lunchtid \u2013 bankaktier i topp"},"content":{"rendered":"<p class=\"font-sans text-base text-text-main dark:text-text-main-dark font-normal leading-[1.4]\"> En viss oro f\u00f6r ett f\u00f6rnyat handelskrig mellan USA och Kina syns efter den amerikanska presidenten Donald Trumps besked om tullh\u00f6jningar f\u00f6r l\u00e4nder som handlar med Iran.<\/p>\n<p class=\"font-sans text-base text-text-main dark:text-text-main-dark font-normal leading-[1.4]\">Klockan 12.15 hade det svenska storbolagsindexet OMXS30 sjunkit 0,6 procent till niv\u00e5n 2.967. Aktieaff\u00e4rer f\u00f6r 7 miljarder kronor var d\u00e5 omsatta p\u00e5 Stockholmsb\u00f6rsen.<\/p>\n<p class=\"font-sans text-base text-text-main dark:text-text-main-dark font-normal leading-[1.4]\">Lastbilstillverkaren Volvo sj\u00f6nk drygt 2 procent efter att Morgan Stanley slopat sitt \u00f6verviktsr\u00e5d f\u00f6r aktien, men h\u00f6jt riktkursen. Banken pekar i st\u00e4llet ut den tyska konkurrenten Daimler Truck som sin favorit i sektorn och anser att Daimler \u00e4r v\u00e4lpositionerat f\u00f6r att dra nytta av en \u00e5terh\u00e4mtning. Sektorkollegan Traton, d\u00e4r Scania ing\u00e5r, sj\u00f6nk ocks\u00e5 2 procent efter att samma bank s\u00e4nkt sitt r\u00e5d till undervikt.<\/p>\n<p class=\"font-sans text-base text-text-main dark:text-text-main-dark font-normal leading-[1.4]\">Teleoperat\u00f6ren Telia har f\u00e5tt k\u00f6pr\u00e5det slopat av banken UBS och sj\u00f6nk n\u00e4stan 1,5 procent.<\/p>\n<p class=\"font-sans text-base text-text-main dark:text-text-main-dark font-normal leading-[1.4]\">S\u00e4mst p\u00e5 storbolagsindex gick industrikonglomeratet Lifco och v\u00e4rmeteknikf\u00f6retaget Nibe som sj\u00f6nk 4 respektive 2,5 procent.<\/p>\n<p class=\"font-sans text-base text-text-main dark:text-text-main-dark font-normal leading-[1.4]\">Bankerna handlades \u00e5t andra h\u00e5llet med samtliga fyra svenska storbanker bland de sex b\u00e4sta aktierna. St\u00f6rst uppg\u00e5ng hade Handelsbanken som avancerade mer \u00e4n 1 procent.<\/p>\n<p class=\"font-sans text-base text-text-main dark:text-text-main-dark font-normal leading-[1.4]\">Cheffelo steg drygt 2 procent. Matkassebolaget har i en kvartalsuppdatering meddelat att oms\u00e4ttningen steg med 9,1 procent till 324 miljoner kronor i fj\u00e4rde kvartalet. Antalet aktiva kunder v\u00e4xte med 13,5 procent.<\/p>\n<p class=\"font-sans text-base text-text-main dark:text-text-main-dark font-normal leading-[1.4]\">Hj\u00e4lmteknikf\u00f6retaget Mips har f\u00e5tt en s\u00e4nkt riktkurs, men f\u00e5r beh\u00e5lla sin k\u00f6pst\u00e4mpel, av DNB Carnegie som \u00e4r r\u00e4dd att USA-marknaden var fortsatt svag f\u00f6r Mips i det fj\u00e4rde kvartalet. Samtidigt har Danske Bank h\u00f6jt sin riktkurs f\u00f6r aktien. Mips handlas ned n\u00e4stan 5 procent till 325 kronor.<\/p>\n<p class=\"font-sans text-base text-text-main dark:text-text-main-dark font-normal leading-[1.4]\">Fr\u00e5n kapitalanskaffningsfronten kan rapporteras att byggbolaget W\u00e4stbygg har beslutat att g\u00f6ra en f\u00f6retr\u00e4desemission om initialt runt 240 miljoner kronor. Aktien backade 24 procent.<\/p>\n<p class=\"font-sans text-base text-text-main dark:text-text-main-dark font-normal leading-[1.4]\">Pengar g\u00e5r d\u00e4remot \u00e5t andra h\u00e5llet i Genova Property som har beslutat att \u00e5terk\u00f6pa egna stamaktier f\u00f6r att skapa v\u00e4rde f\u00f6r aktie\u00e4garna. Fastighetsbolagets aktie steg 4 procent.<\/p>\n<p class=\"font-sans text-base text-text-main dark:text-text-main-dark font-normal leading-[1.4]\">Kambi, som g\u00f6r teknik \u00e5t sportbettingbolag, f\u00f6ll n\u00e4ra 4 procent efter en s\u00e4nkt rekommendation av Jefferies fr\u00e5n k\u00f6p till beh\u00e5ll med nedjusterad riktkurs.<\/p>\n<p class=\"font-sans text-base text-text-main dark:text-text-main-dark font-normal leading-[1.4]\">Efter flera \u00e5rs exportstopp har oljeledningen fr\u00e5n irakiska Kurdistan till Turkiet \u00f6ppnat igen. F\u00f6r Lundin-bolaget Shamaran v\u00e4ntas kassafl\u00f6det dubblas. Oljebolagets vd Garrett Soden \u00f6ppnar f\u00f6r b\u00e5de \u00e5terk\u00f6p och utdelning i en intervju med tidningen Aff\u00e4rsv\u00e4rlden. Aktien var upp n\u00e4stan 6 procent.<\/p>\n<p class=\"font-sans text-base text-text-main dark:text-text-main-dark font-normal leading-[1.4]\">Prospekteringsbolaget Arctic Minerals steg 29 procent vid lunchtid efter att ha rusat 40 procent p\u00e5 m\u00e5ndagen. Bolaget skriver att man identifierat nya m\u00e5lomr\u00e5den &#8221;tio g\u00e5nger st\u00f6rre \u00e4n Dingelvik-fyndigheten&#8221; redo att provborras.<\/p>\n<p class=\"font-sans text-base text-text-main dark:text-text-main-dark font-normal leading-[1.4]\">I eftermiddag v\u00e4ntas storbanken JP Morgan inleda rapports\u00e4songen f\u00f6r de amerikanska bankerna. P\u00e5 makroagendan st\u00e5r bland annat amerikansk KPI-statistik f\u00f6r december.<\/p>\n<p class=\"font-sans text-base text-text-main dark:text-text-main-dark font-normal leading-[1.4]\">Graf: OMXS30 tisdagen den 13 januari<\/p>\n<p class=\"font-sans text-base text-text-main dark:text-text-main-dark font-normal leading-[1.4]\"><a class=\"text-primary-90 underline hover:text-primary-110 hover:no-underline\" rel=\"noopener noreferrer\" target=\"_blank\" href=\"https:\/\/www.europesays.com\/se\/wp-content\/uploads\/2026\/01\/652683201.png\"><img decoding=\"async\" src=\"https:\/\/www.europesays.com\/se\/wp-content\/uploads\/2026\/01\/652683201.png\" alt=\"image\" class=\"rounded-2xl max-w-full\"\/><\/a><\/p>\n<p class=\"font-sans text-base text-text-main dark:text-text-main-dark font-normal leading-[1.4]\">K\u00e4lla: Infront<\/p>\n","protected":false},"excerpt":{"rendered":"En viss oro f\u00f6r ett f\u00f6rnyat handelskrig mellan USA och Kina syns efter den amerikanska presidenten Donald Trumps&hellip;\n","protected":false},"author":2,"featured_media":129278,"comment_status":"","ping_status":"","sticky":false,"template":"","format":"standard","meta":{"footnotes":""},"categories":[65],"tags":[13647,72,13645,70,71,13649,13644,12418,11720,6435,34,13646,31,33,2066,32,30,5832,6157,6437,6581,13648],"class_list":{"0":"post-134800","1":"post","2":"type-post","3":"status-publish","4":"format-standard","5":"has-post-thumbnail","7":"category-ekonomi","8":"tag-arctic-minerals","9":"tag-business","10":"tag-cheffelo","11":"tag-economy","12":"tag-ekonomi","13":"tag-genova-property-group","14":"tag-kambi-group","15":"tag-lagercrantz-group","16":"tag-mips","17":"tag-nibe-industrier","18":"tag-se","19":"tag-shamaran-petroleum","20":"tag-svenska","21":"tag-sverige","22":"tag-swedbank","23":"tag-sweden","24":"tag-swedish","25":"tag-telia-company","26":"tag-traton","27":"tag-volvo","28":"tag-volvo-a","29":"tag-wastbygg-gruppen"},"share_on_mastodon":{"url":"https:\/\/pubeurope.com\/@se\/115889594883554463","error":""},"_links":{"self":[{"href":"https:\/\/www.europesays.com\/se\/wp-json\/wp\/v2\/posts\/134800","targetHints":{"allow":["GET"]}}],"collection":[{"href":"https:\/\/www.europesays.com\/se\/wp-json\/wp\/v2\/posts"}],"about":[{"href":"https:\/\/www.europesays.com\/se\/wp-json\/wp\/v2\/types\/post"}],"author":[{"embeddable":true,"href":"https:\/\/www.europesays.com\/se\/wp-json\/wp\/v2\/users\/2"}],"replies":[{"embeddable":true,"href":"https:\/\/www.europesays.com\/se\/wp-json\/wp\/v2\/comments?post=134800"}],"version-history":[{"count":0,"href":"https:\/\/www.europesays.com\/se\/wp-json\/wp\/v2\/posts\/134800\/revisions"}],"wp:featuredmedia":[{"embeddable":true,"href":"https:\/\/www.europesays.com\/se\/wp-json\/wp\/v2\/media\/129278"}],"wp:attachment":[{"href":"https:\/\/www.europesays.com\/se\/wp-json\/wp\/v2\/media?parent=134800"}],"wp:term":[{"taxonomy":"category","embeddable":true,"href":"https:\/\/www.europesays.com\/se\/wp-json\/wp\/v2\/categories?post=134800"},{"taxonomy":"post_tag","embeddable":true,"href":"https:\/\/www.europesays.com\/se\/wp-json\/wp\/v2\/tags?post=134800"}],"curies":[{"name":"wp","href":"https:\/\/api.w.org\/{rel}","templated":true}]}}