{"id":134803,"date":"2026-01-13T20:11:07","date_gmt":"2026-01-13T20:11:07","guid":{"rendered":"https:\/\/www.europesays.com\/se\/134803\/"},"modified":"2026-01-13T20:11:07","modified_gmt":"2026-01-13T20:11:07","slug":"kronika-vik-har-storre-problem-an-en-ny-sportchef-vlt","status":"publish","type":"post","link":"https:\/\/www.europesays.com\/se\/134803\/","title":{"rendered":"KR\u00d6NIKA: VIK har st\u00f6rre problem \u00e4n en ny sportchef &#8211; VLT"},"content":{"rendered":"<ol>\n<li><a href=\"https:\/\/news.google.com\/rss\/articles\/CBMieEFVX3lxTE16RUFhTkJNUmFJS1NNUWlPTnhpYkVpclVSYk5ORWNnbjBxYmxRY0ExcS1tVm9GSUVLOWtyY3pXMS0yWDU0VnlELTI0M2dQX0VvWmhxUVNEdDBOVzU5Rm5RMkxGWHo5aDhwRWZBVTZYVHE4cExxYnc1Zg?oc=5\" target=\"_blank\" rel=\"nofollow noopener\">KR\u00d6NIKA: VIK har st\u00f6rre problem \u00e4n en ny sportchef<\/a>&nbsp;&nbsp;VLT<\/li>\n<li><a href=\"https:\/\/news.google.com\/rss\/articles\/CBMikgFBVV95cUxPbDBUd3dqWnNUZ2Q5cm9PcEZhNnpxNmhUNUdIc1FxcHRjUnl1TlkwampyOFNyQ0NWVzBuZlFyR2JDRW45WV9ZWnN1T1YyLU43ZVZwRFpReTVFTi1TWUJhd21KNFo1eWhLX192Tm1rY0J3T0dqM1JlcGxBMDR1OHpuT0JjLUtBY29wOXlJclF2N1VEQQ?oc=5\" target=\"_blank\" rel=\"nofollow noopener\">Niklas Johansson: Kr\u00e4vts mer jobb \u00e4n jag r\u00e4knat med i VIK<\/a>&nbsp;&nbsp;Sveriges Radio<\/li>\n<li><a href=\"https:\/\/news.google.com\/rss\/articles\/CBMifkFVX3lxTE5LemZoYklmUDRkNEhXeFhxN0MwM1NhT1piNEh2akZTTklYQWhWcjl2aFVtSlFWQnAtTTVUdU1IX1lQcm1aQnZBczdvc24wSU5qSWZtQXNNeDdseExiUFdjSFJwRU5QRDk5WTBnakhzRE9PN0NzTDZBOTVBOG4xQQ?oc=5\" target=\"_blank\" rel=\"nofollow noopener\">Allsvenska krisklubben byter sportchef<\/a>&nbsp;&nbsp;V\u00e4sterbottens-Kuriren<\/li>\n<li><a href=\"https:\/\/news.google.com\/rss\/articles\/CBMidkFVX3lxTE1kam5jVVJrdFVrZHpQbUNUemY4VEZkd2RvWldJRE1LQjEyS2ZZUV8xa2dlTjZ2N2hodzl1LTE0VTMzOUVFZ2hLQzlvUmJJN2tWSjc3Szh3Qnd0MTItYWpzazVGdmpHbFExRHh0UkM2Z2toN2RXNEE?oc=5\" target=\"_blank\" rel=\"nofollow noopener\">L\u00e4mnar V\u00e4ster\u00e5s: \u201dBeh\u00f6ver ett nytt avstamp\u201d<\/a>&nbsp;&nbsp;Nerikes Allehanda<\/li>\n<li><a href=\"https:\/\/news.google.com\/rss\/articles\/CBMizAFBVV95cUxQcmhDbktyRFVmaVBGZ0VSb2NWejFJSHhyM3NRQVNNYjFpN1JCMzhJempGSHNHbVYyMkdtRWs4ZzFYTTZQZjRPbHA4TXhZNm1Vd1JKdk9FOG0yWHVVQ2EyczVWVnFDTW1hc0pPQV9hVW1xa2o4TmtMaGlCcVBmc3hiOVg4ZWMxYjl0cXpJZHIwM011LXNiT3d6Q0lQN1FEdjhSMXNONm5Gb1pnRmVDODUxSVgxQXQyQlhSNDZObVMyUnlOQTA0TnY4Y2lFSDY?oc=5\" target=\"_blank\" rel=\"nofollow noopener\">Niklas Johansson l\u00e4mnar sportchefsposten \u2013 nya sp\u00e4nnande och b\u00e4ttre tider v\u00e4ntar f\u00f6rhoppningsvis runt h\u00f6rnet<\/a>&nbsp;&nbsp;VIK FAN CENTRAL<\/li>\n<\/ol>\n","protected":false},"excerpt":{"rendered":"KR\u00d6NIKA: VIK har st\u00f6rre problem \u00e4n en ny sportchef&nbsp;&nbsp;VLT Niklas Johansson: Kr\u00e4vts mer jobb \u00e4n jag r\u00e4knat med&hellip;\n","protected":false},"author":2,"featured_media":134804,"comment_status":"","ping_status":"","sticky":false,"template":"","format":"standard","meta":{"footnotes":""},"categories":[68],"tags":[34,111,110,31,33,32,30],"class_list":{"0":"post-134803","1":"post","2":"type-post","3":"status-publish","4":"format-standard","5":"has-post-thumbnail","7":"category-sport","8":"tag-se","9":"tag-sport","10":"tag-sports","11":"tag-svenska","12":"tag-sverige","13":"tag-sweden","14":"tag-swedish"},"share_on_mastodon":{"url":"https:\/\/pubeurope.com\/@se\/115889614658436827","error":""},"_links":{"self":[{"href":"https:\/\/www.europesays.com\/se\/wp-json\/wp\/v2\/posts\/134803","targetHints":{"allow":["GET"]}}],"collection":[{"href":"https:\/\/www.europesays.com\/se\/wp-json\/wp\/v2\/posts"}],"about":[{"href":"https:\/\/www.europesays.com\/se\/wp-json\/wp\/v2\/types\/post"}],"author":[{"embeddable":true,"href":"https:\/\/www.europesays.com\/se\/wp-json\/wp\/v2\/users\/2"}],"replies":[{"embeddable":true,"href":"https:\/\/www.europesays.com\/se\/wp-json\/wp\/v2\/comments?post=134803"}],"version-history":[{"count":0,"href":"https:\/\/www.europesays.com\/se\/wp-json\/wp\/v2\/posts\/134803\/revisions"}],"wp:featuredmedia":[{"embeddable":true,"href":"https:\/\/www.europesays.com\/se\/wp-json\/wp\/v2\/media\/134804"}],"wp:attachment":[{"href":"https:\/\/www.europesays.com\/se\/wp-json\/wp\/v2\/media?parent=134803"}],"wp:term":[{"taxonomy":"category","embeddable":true,"href":"https:\/\/www.europesays.com\/se\/wp-json\/wp\/v2\/categories?post=134803"},{"taxonomy":"post_tag","embeddable":true,"href":"https:\/\/www.europesays.com\/se\/wp-json\/wp\/v2\/tags?post=134803"}],"curies":[{"name":"wp","href":"https:\/\/api.w.org\/{rel}","templated":true}]}}