{"id":134811,"date":"2026-01-13T20:17:13","date_gmt":"2026-01-13T20:17:13","guid":{"rendered":"https:\/\/www.europesays.com\/se\/134811\/"},"modified":"2026-01-13T20:17:13","modified_gmt":"2026-01-13T20:17:13","slug":"antikt-romerskt-hus-oppnar-for-rundturer-via-video","status":"publish","type":"post","link":"https:\/\/www.europesays.com\/se\/134811\/","title":{"rendered":"Antikt romerskt hus \u00f6ppnar f\u00f6r rundturer \u2013 via video"},"content":{"rendered":"<p>Den antika villan \u00e4r bel\u00e4gen mellan Colosseum och Circus Maximus och \u00e5terfanns under utgr\u00e4vningar av Palatinen i b\u00f6rjan av 1900-talet. Huset byggdes mellan 100 och 200 \u00e5r f\u00f6re Kristus och \u00e4r fyllt av magnifika mosaiker och fresker, skriver Reuters.<\/p>\n<p>Villan kallas f\u00f6r \u201dGriparnas hus\u201d efter dekorationer i ett av rummen. Gripen \u00e4r ett fabeldjur med \u00f6rnhuvud, kropp och bakben fr\u00e5n ett lejon, samt vingar.<\/p>\n<p>          <img decoding=\"async\" class=\"picture__img\" src=\"https:\/\/www.europesays.com\/se\/wp-content\/uploads\/2026\/01\/65f54f13-2990-40f6-954e-de555c458e88.jpeg\" loading=\"lazy\"   alt=\"Villan kallas \u201dGriparnas hus\u201d efter dekorationer i ett av rummen. Gripen \u00e4r ett fabeldjur med ett huvud fr\u00e5n en \u00f6rn, kropp och bakben lejon, samt vingar.\"\/><\/p>\n<p>                Bild 1 av 2<\/p>\n<p>      Villan kallas \u201dGriparnas hus\u201d efter dekorationer i ett av rummen. Gripen \u00e4r ett fabeldjur med ett huvud fr\u00e5n en \u00f6rn, kropp och bakben lejon, samt vingar.<\/p>\n<p>      Foto: Angelo Carconi\/TT<\/p>\n<p>          <img decoding=\"async\" class=\"picture__img\" src=\"https:\/\/www.europesays.com\/se\/wp-content\/uploads\/2026\/01\/b4a1064c-3ece-41ac-95af-8379d1e8841a.jpeg\" loading=\"lazy\"   alt=\"Byggnaden har tidigare bara kunnat bes\u00f6kas av forskare.\"\/><\/p>\n<p>                Bild 2 av 2<\/p>\n<p>      Byggnaden har tidigare bara kunnat bes\u00f6kas av forskare.<\/p>\n<p>      Foto: Angelo Carconi\/TT<\/p>\n<p><strong>P\u00e5 Palatinen bodde<\/strong> Roms \u00f6verklass, men exakt vem som \u00e4gde den st\u00e5tliga bostaden har inte klargjorts, skriver <a href=\"https:\/\/abcnews.go.com\/Travel\/wireStory\/ancient-rome-meets-modern-technology-tourists-visit-ancient-129166521\" rel=\"nofollow noopener\" target=\"_blank\">ABC News<\/a>.<\/p>\n<p>\u2013 Dess placering l\u00e4ngst upp p\u00e5 kullen, dess utbredning \u00f6ver flera niv\u00e5er av Palatinkullens sluttningar, samt dess bevarelsetillst\u00e5nd g\u00f6r den till ett skolboksexempel. Det var utan tvekan en domus, ett hus bebott av \u00f6verklass i antikens Rom, av allra h\u00f6gsta standard, s\u00e4ger den arkeologiska projektledaren Federica Rinaldi, enligt tv-kanalen.<\/p>\n<p>Byggnaden skadades delvis d\u00e5 grunden till ett palats byggdes ovanp\u00e5 p\u00e5 detta och omkringliggande byggnader. Men tv\u00e5 v\u00e5ningar i \u201dGriparnas hus\u201d ska vara bibeh\u00e5llna.<\/p>\n<p>Ut\u00f6ver sp\u00e5r fr\u00e5n ett atrium och en bass\u00e4ng \u00e5terst\u00e5r det inte mycket fr\u00e5n bottenv\u00e5ningen. Den underjordiska v\u00e5ningen ska d\u00e4remot vara fylld av \u201dunderverk\u201d, skriver Reuters.<\/p>\n<p>          <img decoding=\"async\" class=\"picture__img\" src=\"https:\/\/www.europesays.com\/se\/wp-content\/uploads\/2026\/01\/aa43736c-a2b4-4352-8aea-9e352b326498.jpeg\" loading=\"lazy\"   alt=\"Bostaden \u00e4r bel\u00e4get p\u00e5 Palatinen mellan Colosseum och Circus Maximus och \u00e5terfanns under utgr\u00e4vningar av Palatinen i b\u00f6rjan av 1900-talet.\"\/><\/p>\n<p>                Bild 1 av 2<\/p>\n<p>      Bostaden \u00e4r bel\u00e4get p\u00e5 Palatinen mellan Colosseum och Circus Maximus och \u00e5terfanns under utgr\u00e4vningar av Palatinen i b\u00f6rjan av 1900-talet.<\/p>\n<p>      Foto: Angelo Carconi\/TT<\/p>\n<p>          <img decoding=\"async\" class=\"picture__img\" src=\"https:\/\/www.europesays.com\/se\/wp-content\/uploads\/2026\/01\/18c28939-4764-4f72-99e2-6f51c5a89ff9.jpeg\" loading=\"lazy\"   alt=\"Fr\u00e5n och med den 3 mars kommer bes\u00f6karna i ett anslutande rum kunna f\u00f6lja en direkts\u00e4nd videos\u00e4ndning led av en guide inifr\u00e5n huset.\"\/><\/p>\n<p>                Bild 2 av 2<\/p>\n<p>      Fr\u00e5n och med den 3 mars kommer bes\u00f6karna i ett anslutande rum kunna f\u00f6lja en direkts\u00e4nd videos\u00e4ndning led av en guide inifr\u00e5n huset.<\/p>\n<p>      Foto: Angelo Carconi\/TT<\/p>\n<p><strong>Den enda v\u00e4gen<\/strong> att ta sig till v\u00e5ningen \u00e4r via en smal och brant trappa, vilket g\u00f6r den ol\u00e4mplig f\u00f6r massbes\u00f6k.<\/p>\n<p>Men Colosseums arkeologiska park, d\u00e4r ruinerna p\u00e5 Palatinen ing\u00e5r, har funnit en l\u00f6sning. Den tredje mars sl\u00e5r man upp portarna f\u00f6r direkts\u00e4nda guidade turer varje tisdag. Tanken \u00e4r att en guide ska ta sig ner till v\u00e5ningen med en mobilkamera sp\u00e4nd mot pannan samtidigt som en begr\u00e4nsad m\u00e4ngd bes\u00f6kare ser s\u00e4ndningen visas mot en v\u00e4gg i anslutning till byggnaden. Till deras s\u00e4llskap kommer en expert att finnas f\u00f6r att kunna ge f\u00f6rklaringar.<\/p>\n<p>En ytterligare anledning till att de v\u00e4ljer att videos\u00e4nda turerna \u00e4r f\u00f6r att skydda de \u00f6mt\u00e5liga freskerna fr\u00e5n koldioxid och fukt.<\/p>\n<p>Restaureringen av byggnaden har finansierats genom EU:s \u00e5terh\u00e4mtningsfonder efter covid-19. Projektet ska \u00e4ven vara en del i att locka bort bes\u00f6kare fr\u00e5n fr\u00e5n andra sev\u00e4rdheter som n\u00e4rliggande Forum Romanum och Colosseum, som ofta blir \u00f6verbelastade.<\/p>\n","protected":false},"excerpt":{"rendered":"Den antika villan \u00e4r bel\u00e4gen mellan Colosseum och Circus Maximus och \u00e5terfanns under utgr\u00e4vningar av Palatinen i b\u00f6rjan&hellip;\n","protected":false},"author":2,"featured_media":134812,"comment_status":"","ping_status":"","sticky":false,"template":"","format":"standard","meta":{"footnotes":""},"categories":[5],"tags":[22,23,26,27,17,21,24,25,28,29,15,16,18,34,31,33,32,30,19,20],"class_list":{"0":"post-134811","1":"post","2":"type-post","3":"status-publish","4":"format-standard","5":"has-post-thumbnail","7":"category-rubriker","8":"tag-breaking-news","9":"tag-breakingnews","10":"tag-featured-news","11":"tag-featurednews","12":"tag-headlines","13":"tag-huvudnyheter","14":"tag-latest-news","15":"tag-latestnews","16":"tag-main-news","17":"tag-mainnews","18":"tag-news","19":"tag-nyheter","20":"tag-rubriker","21":"tag-se","22":"tag-svenska","23":"tag-sverige","24":"tag-sweden","25":"tag-swedish","26":"tag-top-stories","27":"tag-topstories"},"share_on_mastodon":{"url":"https:\/\/pubeurope.com\/@se\/115889638194202545","error":""},"_links":{"self":[{"href":"https:\/\/www.europesays.com\/se\/wp-json\/wp\/v2\/posts\/134811","targetHints":{"allow":["GET"]}}],"collection":[{"href":"https:\/\/www.europesays.com\/se\/wp-json\/wp\/v2\/posts"}],"about":[{"href":"https:\/\/www.europesays.com\/se\/wp-json\/wp\/v2\/types\/post"}],"author":[{"embeddable":true,"href":"https:\/\/www.europesays.com\/se\/wp-json\/wp\/v2\/users\/2"}],"replies":[{"embeddable":true,"href":"https:\/\/www.europesays.com\/se\/wp-json\/wp\/v2\/comments?post=134811"}],"version-history":[{"count":0,"href":"https:\/\/www.europesays.com\/se\/wp-json\/wp\/v2\/posts\/134811\/revisions"}],"wp:featuredmedia":[{"embeddable":true,"href":"https:\/\/www.europesays.com\/se\/wp-json\/wp\/v2\/media\/134812"}],"wp:attachment":[{"href":"https:\/\/www.europesays.com\/se\/wp-json\/wp\/v2\/media?parent=134811"}],"wp:term":[{"taxonomy":"category","embeddable":true,"href":"https:\/\/www.europesays.com\/se\/wp-json\/wp\/v2\/categories?post=134811"},{"taxonomy":"post_tag","embeddable":true,"href":"https:\/\/www.europesays.com\/se\/wp-json\/wp\/v2\/tags?post=134811"}],"curies":[{"name":"wp","href":"https:\/\/api.w.org\/{rel}","templated":true}]}}