{"id":134813,"date":"2026-01-13T20:19:08","date_gmt":"2026-01-13T20:19:08","guid":{"rendered":"https:\/\/www.europesays.com\/se\/134813\/"},"modified":"2026-01-13T20:19:08","modified_gmt":"2026-01-13T20:19:08","slug":"osk-futsal-portas-fran-storturneringen-i-orebro-nerikes-allehanda","status":"publish","type":"post","link":"https:\/\/www.europesays.com\/se\/134813\/","title":{"rendered":"\u00d6SK Futsal portas fr\u00e5n storturneringen i \u00d6rebro \u2013 Nerikes Allehanda"},"content":{"rendered":"<p>P\u00e5 l\u00f6rdag s\u00e4nder NA stora futsalturneringen Ladies night cup.<\/p>\n<p>Men stans b\u00e4sta lag, \u00d6SK Futsal, f\u00e5r inte vara med.<\/p>\n<p>\u2013 Det \u00e4r skittr\u00e5kigt, vi blev besvikna, s\u00e4ger Jessica Edvardsson.<\/p>\n<p><img loading=\"lazy\" decoding=\"async\" width=\"980\" height=\"551\" class=\"article-image article-image--featured\" alt=\"Jessica Edvardsson var en del av \u00d6rebro FC:s lag i fyra s\u00e4songer, och hann vinna Ladies night cup tre g\u00e5nger. Nu spelar hon f\u00f6r \u00d6SK Futsal som utest\u00e4ngs fr\u00e5n \u00e5rets upplaga av turneringen.\" src=\"https:\/\/www.europesays.com\/se\/wp-content\/uploads\/2026\/01\/921c29ee-15d6-44ed-ba8e-6de2cf763ca4.jpeg\"  \/><a class=\"article__lightbox-link\" href=\"https:\/\/static.bonniernews.se\/ba\/921c29ee-15d6-44ed-ba8e-6de2cf763ca4.jpeg?crop=5184%2C2916%2Cx0%2Cy270&amp;width=1400&amp;format=pjpg&amp;auto=avif\" data-pswp-width=\"1400\" data-pswp-height=\"788\" data-pswp-caption=\"Jessica Edvardsson var en del av \u00d6rebro FC:s lag i fyra s\u00e4songer, och hann vinna Ladies night cup tre g\u00e5nger. Nu spelar hon f\u00f6r \u00d6SK Futsal som utest\u00e4ngs fr\u00e5n \u00e5rets upplaga av turneringen. Bild: Jonas Br\u00e4nnmyr\" data-pswp- rel=\"nofollow noopener\" target=\"_blank\">\u00d6ppna bild i helsk\u00e4rmsl\u00e4ge<\/a><\/p>\n<p class=\"txt-style-muted\" aria-hidden=\"true\">Jessica Edvardsson var en del av \u00d6rebro FC:s lag i fyra s\u00e4songer, och hann vinna Ladies night cup tre g\u00e5nger. Nu spelar hon f\u00f6r \u00d6SK Futsal som utest\u00e4ngs fr\u00e5n \u00e5rets upplaga av turneringen.<\/p>\n<p class=\"article__figcaption-attribution txt-style-muted\">Bild: Jonas Br\u00e4nnmyr<\/p>\n<p>Fem g\u00e5nger i rad har \u00d6rebro FC vunnit Ladies night cup, men alla spelarna som var med har l\u00e4mnat klubben. De flesta spelar nu f\u00f6r \u00d6SK Futsal.<\/p>\n<p>Tekniskt fel<\/p>\n<p class=\"message__text txt-ui txt-ui-2\">V\u00e4nligen f\u00f6rs\u00f6k igen senare.<\/p>\n<p>Den h\u00e4r artikeln \u00e4r bara f\u00f6r prenumeranter<\/p>\n<p class=\"txt-body txt-body-1\">Om du redan \u00e4r prenumerant: logga in!<\/p>\n","protected":false},"excerpt":{"rendered":"P\u00e5 l\u00f6rdag s\u00e4nder NA stora futsalturneringen Ladies night cup. Men stans b\u00e4sta lag, \u00d6SK Futsal, f\u00e5r inte vara&hellip;\n","protected":false},"author":2,"featured_media":134814,"comment_status":"","ping_status":"","sticky":false,"template":"","format":"standard","meta":{"footnotes":""},"categories":[68],"tags":[34,111,110,31,33,32,30],"class_list":{"0":"post-134813","1":"post","2":"type-post","3":"status-publish","4":"format-standard","5":"has-post-thumbnail","7":"category-sport","8":"tag-se","9":"tag-sport","10":"tag-sports","11":"tag-svenska","12":"tag-sverige","13":"tag-sweden","14":"tag-swedish"},"share_on_mastodon":{"url":"https:\/\/pubeurope.com\/@se\/115889646114561210","error":""},"_links":{"self":[{"href":"https:\/\/www.europesays.com\/se\/wp-json\/wp\/v2\/posts\/134813","targetHints":{"allow":["GET"]}}],"collection":[{"href":"https:\/\/www.europesays.com\/se\/wp-json\/wp\/v2\/posts"}],"about":[{"href":"https:\/\/www.europesays.com\/se\/wp-json\/wp\/v2\/types\/post"}],"author":[{"embeddable":true,"href":"https:\/\/www.europesays.com\/se\/wp-json\/wp\/v2\/users\/2"}],"replies":[{"embeddable":true,"href":"https:\/\/www.europesays.com\/se\/wp-json\/wp\/v2\/comments?post=134813"}],"version-history":[{"count":0,"href":"https:\/\/www.europesays.com\/se\/wp-json\/wp\/v2\/posts\/134813\/revisions"}],"wp:featuredmedia":[{"embeddable":true,"href":"https:\/\/www.europesays.com\/se\/wp-json\/wp\/v2\/media\/134814"}],"wp:attachment":[{"href":"https:\/\/www.europesays.com\/se\/wp-json\/wp\/v2\/media?parent=134813"}],"wp:term":[{"taxonomy":"category","embeddable":true,"href":"https:\/\/www.europesays.com\/se\/wp-json\/wp\/v2\/categories?post=134813"},{"taxonomy":"post_tag","embeddable":true,"href":"https:\/\/www.europesays.com\/se\/wp-json\/wp\/v2\/tags?post=134813"}],"curies":[{"name":"wp","href":"https:\/\/api.w.org\/{rel}","templated":true}]}}