{"id":134819,"date":"2026-01-13T20:23:11","date_gmt":"2026-01-13T20:23:11","guid":{"rendered":"https:\/\/www.europesays.com\/se\/134819\/"},"modified":"2026-01-13T20:23:11","modified_gmt":"2026-01-13T20:23:11","slug":"usa-lojala-rojalister-kan-aldrig-foretrada-irans-folk-proletaren","status":"publish","type":"post","link":"https:\/\/www.europesays.com\/se\/134819\/","title":{"rendered":"USA-lojala rojalister kan aldrig f\u00f6retr\u00e4da Irans folk \u2013 Prolet\u00e4ren"},"content":{"rendered":"<p>Det som b\u00f6rjade som legitima protester i Iran mot skenande inflation och krav p\u00e5 ekonomiska reformer har lett till kravaller som bem\u00f6tts med brutalt v\u00e5ld. Det har f\u00e5tt h\u00f6karna i Washington att v\u00e4dra blod. <\/p>\n<p>Framf\u00f6r sig knuffar de den tidigare shahens son, Reza Pahlavi, som fr\u00e5n USA f\u00f6rs\u00f6ker styra protesterna. Samtidigt har snart sagt varje svensk partiledare g\u00e5tt ut och kr\u00e4vt \u201diraniernas frihet\u201d.<\/p>\n<p>F\u00f6rs\u00f6ket att lyfta fram Pahlavi som f\u00f6retr\u00e4dare f\u00f6r det iranska folket och den gamla monarkin som ett f\u00f6red\u00f6me f\u00f6r Iran \u00e4r skrattretande. Pahlavi har inte satt sin fot p\u00e5 iransk mark sedan den iranska revolutionen 1979 och saknar helt folkligt st\u00f6d.<\/p>\n<p>Det finns m\u00e5nga anledningar till att g\u00e5 ut och protestera i Iran, men vem tror p\u00e5 allvar att Donald Trump, Israel eller reaktion\u00e4ra rojalister har den vanlige iranierns intressen f\u00f6r \u00f6gonen?<\/p>\n<p>Det spekuleras om en spricka i Vita huset mellan vicepresidenten JD Vance och president Donald Trump, d\u00e4r den f\u00f6rstn\u00e4mnda p\u00e5st\u00e5s vilja f\u00f6rhandla med styret i Teheran. Vi f\u00e5r hoppas att s\u00e5 blir utfallet. Anfallet mot Iran i juni 2025 med m\u00e5let att f\u00e5 till ett regimskifte misslyckades och det borde vara en l\u00e4xa f\u00f6r herrarna i Washington.\u00a0<\/p>\n<p>Irans politiska styre och samh\u00e4lle \u00e4r f\u00f6r iranierna att best\u00e4mma, inte USA och dess lakejer.<\/p>\n","protected":false},"excerpt":{"rendered":"Det som b\u00f6rjade som legitima protester i Iran mot skenande inflation och krav p\u00e5 ekonomiska reformer har lett&hellip;\n","protected":false},"author":2,"featured_media":134820,"comment_status":"","ping_status":"","sticky":false,"template":"","format":"standard","meta":{"footnotes":""},"categories":[14],"tags":[22,23,26,27,17,21,24,25,28,29,15,16,18,34,31,33,32,30,19,20,51,52,53,54],"class_list":{"0":"post-134819","1":"post","2":"type-post","3":"status-publish","4":"format-standard","5":"has-post-thumbnail","7":"category-varlden","8":"tag-breaking-news","9":"tag-breakingnews","10":"tag-featured-news","11":"tag-featurednews","12":"tag-headlines","13":"tag-huvudnyheter","14":"tag-latest-news","15":"tag-latestnews","16":"tag-main-news","17":"tag-mainnews","18":"tag-news","19":"tag-nyheter","20":"tag-rubriker","21":"tag-se","22":"tag-svenska","23":"tag-sverige","24":"tag-sweden","25":"tag-swedish","26":"tag-top-stories","27":"tag-topstories","28":"tag-varlden","29":"tag-world","30":"tag-world-news","31":"tag-worldnews"},"share_on_mastodon":{"url":"https:\/\/pubeurope.com\/@se\/115889661783456619","error":""},"_links":{"self":[{"href":"https:\/\/www.europesays.com\/se\/wp-json\/wp\/v2\/posts\/134819","targetHints":{"allow":["GET"]}}],"collection":[{"href":"https:\/\/www.europesays.com\/se\/wp-json\/wp\/v2\/posts"}],"about":[{"href":"https:\/\/www.europesays.com\/se\/wp-json\/wp\/v2\/types\/post"}],"author":[{"embeddable":true,"href":"https:\/\/www.europesays.com\/se\/wp-json\/wp\/v2\/users\/2"}],"replies":[{"embeddable":true,"href":"https:\/\/www.europesays.com\/se\/wp-json\/wp\/v2\/comments?post=134819"}],"version-history":[{"count":0,"href":"https:\/\/www.europesays.com\/se\/wp-json\/wp\/v2\/posts\/134819\/revisions"}],"wp:featuredmedia":[{"embeddable":true,"href":"https:\/\/www.europesays.com\/se\/wp-json\/wp\/v2\/media\/134820"}],"wp:attachment":[{"href":"https:\/\/www.europesays.com\/se\/wp-json\/wp\/v2\/media?parent=134819"}],"wp:term":[{"taxonomy":"category","embeddable":true,"href":"https:\/\/www.europesays.com\/se\/wp-json\/wp\/v2\/categories?post=134819"},{"taxonomy":"post_tag","embeddable":true,"href":"https:\/\/www.europesays.com\/se\/wp-json\/wp\/v2\/tags?post=134819"}],"curies":[{"name":"wp","href":"https:\/\/api.w.org\/{rel}","templated":true}]}}