{"id":134821,"date":"2026-01-13T20:24:07","date_gmt":"2026-01-13T20:24:07","guid":{"rendered":"https:\/\/www.europesays.com\/se\/134821\/"},"modified":"2026-01-13T20:24:07","modified_gmt":"2026-01-13T20:24:07","slug":"irak-vi-har-gripit-foxtrotledare","status":"publish","type":"post","link":"https:\/\/www.europesays.com\/se\/134821\/","title":{"rendered":"Irak: Vi har gripit Foxtrotledare"},"content":{"rendered":"<p class=\"sc-c25743f0-0 sc-e37c0145-2 hObFds DQgPn\"><strong>Foxtrotledare har gripits, enligt uppgifter fr\u00e5n Iraks nationella underr\u00e4ttelsetj\u00e4nst.<br \/>\u201dKurdistans s\u00e4kerhetsstyrkor har i samarbete med den irakiska underr\u00e4ttelsetj\u00e4nsten gripit ledare f\u00f6r det svenska kriminella n\u00e4tverket Foxtrot\u201d, skriver nyhetsbyr\u00e5n Rudaw.<\/strong><\/p>\n<p class=\"sc-c25743f0-0 sc-e37c0145-2 hObFds DQgPn\">Enligt nyhetsbyr\u00e5n har den irakiska nationella underr\u00e4ttelsetj\u00e4nsten gripit Foxtrotledare i Sulaimani-provinsen. Inga namn p\u00e5 gripna personer har kommunicerats.<\/p>\n<p class=\"sc-c25743f0-0 sc-e37c0145-2 hObFds DQgPn\">\u2013 Jag kan bekr\u00e4fta att vi unders\u00f6ker uppgifterna, s\u00e4ker Caroline Wiklund p\u00e5 polisens nationella mediecenter.<\/p>\n<p class=\"sc-c25743f0-0 sc-e37c0145-2 hObFds DQgPn\">TV4 Nyheterna har varit i kontakt med UD som uppger att de tittar p\u00e5 \u00e4rendet.<\/p>\n<p class=\"sc-c25743f0-0 sc-e37c0145-2 hObFds DQgPn\">P\u00e5 m\u00e5ndagen kom nyheten om att Ali Shehab inom det kriminella n\u00e4tverket Foxtrot greps i Irak i december.<\/p>\n<p>Ali Shehab beskrivs som en central akt\u00f6r och nyckelperson i Foxtrot, som varit internationellt efterlyst en l\u00e4ngre tid. Mannen finns med p\u00e5 Europols \u201dMost Wanted\u201d- lista.<\/p>\n<p class=\"sc-c25743f0-0 sc-e37c0145-2 hObFds DQgPn\">Det \u00e4r i nul\u00e4get oklart om det \u00e4r ett nytt gripande inom Foxtrotn\u00e4tverket eller om underr\u00e4ttelsetj\u00e4nsten syftar p\u00e5 gripandet av Ali Shehab. <\/p>\n<p class=\"sc-c25743f0-0 sc-e37c0145-2 hObFds DQgPn\">TV4 Nyheterna s\u00f6ker statsminister Ulf Kristersson (M).<\/p>\n","protected":false},"excerpt":{"rendered":"Foxtrotledare har gripits, enligt uppgifter fr\u00e5n Iraks nationella underr\u00e4ttelsetj\u00e4nst.\u201dKurdistans s\u00e4kerhetsstyrkor har i samarbete med den irakiska underr\u00e4ttelsetj\u00e4nsten gripit&hellip;\n","protected":false},"author":2,"featured_media":77179,"comment_status":"","ping_status":"","sticky":false,"template":"","format":"standard","meta":{"footnotes":""},"categories":[12],"tags":[22,23,26,27,17,21,24,25,28,29,15,16,18,34,31,33,32,30,19,20],"class_list":{"0":"post-134821","1":"post","2":"type-post","3":"status-publish","4":"format-standard","5":"has-post-thumbnail","7":"category-sverige","8":"tag-breaking-news","9":"tag-breakingnews","10":"tag-featured-news","11":"tag-featurednews","12":"tag-headlines","13":"tag-huvudnyheter","14":"tag-latest-news","15":"tag-latestnews","16":"tag-main-news","17":"tag-mainnews","18":"tag-news","19":"tag-nyheter","20":"tag-rubriker","21":"tag-se","22":"tag-svenska","23":"tag-sverige","24":"tag-sweden","25":"tag-swedish","26":"tag-top-stories","27":"tag-topstories"},"share_on_mastodon":{"url":"https:\/\/pubeurope.com\/@se\/115889665744799944","error":""},"_links":{"self":[{"href":"https:\/\/www.europesays.com\/se\/wp-json\/wp\/v2\/posts\/134821","targetHints":{"allow":["GET"]}}],"collection":[{"href":"https:\/\/www.europesays.com\/se\/wp-json\/wp\/v2\/posts"}],"about":[{"href":"https:\/\/www.europesays.com\/se\/wp-json\/wp\/v2\/types\/post"}],"author":[{"embeddable":true,"href":"https:\/\/www.europesays.com\/se\/wp-json\/wp\/v2\/users\/2"}],"replies":[{"embeddable":true,"href":"https:\/\/www.europesays.com\/se\/wp-json\/wp\/v2\/comments?post=134821"}],"version-history":[{"count":0,"href":"https:\/\/www.europesays.com\/se\/wp-json\/wp\/v2\/posts\/134821\/revisions"}],"wp:featuredmedia":[{"embeddable":true,"href":"https:\/\/www.europesays.com\/se\/wp-json\/wp\/v2\/media\/77179"}],"wp:attachment":[{"href":"https:\/\/www.europesays.com\/se\/wp-json\/wp\/v2\/media?parent=134821"}],"wp:term":[{"taxonomy":"category","embeddable":true,"href":"https:\/\/www.europesays.com\/se\/wp-json\/wp\/v2\/categories?post=134821"},{"taxonomy":"post_tag","embeddable":true,"href":"https:\/\/www.europesays.com\/se\/wp-json\/wp\/v2\/tags?post=134821"}],"curies":[{"name":"wp","href":"https:\/\/api.w.org\/{rel}","templated":true}]}}