{"id":134823,"date":"2026-01-13T20:27:13","date_gmt":"2026-01-13T20:27:13","guid":{"rendered":"https:\/\/www.europesays.com\/se\/134823\/"},"modified":"2026-01-13T20:27:13","modified_gmt":"2026-01-13T20:27:13","slug":"loke-och-felix-om-jvm-guldet-svart-att-ta-in","status":"publish","type":"post","link":"https:\/\/www.europesays.com\/se\/134823\/","title":{"rendered":"Loke och Felix om JVM-guldet: &#8221;Sv\u00e5rt att ta in&#8221;"},"content":{"rendered":"<p class=\"paragraph text-left\"> \u2013\u00a0Det var en dr\u00f6m att f\u00e5 spela JVM. Det \u00e4r n\u00e5got<br \/>\njag har str\u00e4vat efter hela s\u00e4songen, s\u00e4ger Felix\u00a0\u00d6hrqvist. <\/p>\n<p class=\"paragraph text-left\"> \u2013\u00a0Det \u00e4r alltid en enorm upplevelse att f\u00e5 representera Sverige, oavsett \u00e5lder. Jag har varit med i P16 och P17 tidigare och bara det var var h\u00e4ftigt, men det h\u00e4r var n\u00e5got helt unikt. Jag \u00e4r v\u00e4ldigt glad att jag fick f\u00f6rtroendet, s\u00e4ger Loke Krantz. <\/p>\n<p class=\"paragraph text-left\"> \u00a0\u00a0 <\/p>\n<p class=\"paragraph text-left\"> <strong>\u00a0Hur ser ni tillbaka p\u00e5 er egen insats?<\/strong> <\/p>\n<p class=\"paragraph text-left\"> \u2013 Jag tycker det gick bra. Jag bidrog med<br \/>\nprecis det jag ville och g\u00f6r en helt klart godk\u00e4nd insats. Jag fick ta en mer<br \/>\ndefensiv roll, n\u00e5got jag inte \u00e4r van vid, men det var kul att visa att jag \u00e4ven<br \/>\nbeh\u00e4rskar det spelet, s\u00e4ger Felix.\u00a0 <\/p>\n<p class=\"paragraph text-left\"> <strong>\u2013<\/strong>\u00a0S\u00e4ttet vi spelade passade mig perfekt och jag f\u00f6rs\u00f6kte ta vara p\u00e5 den speltid jag fick. Generellt k\u00e4ndes allt v\u00e4ldigt bra, s\u00e4ger Loke. <\/p>\n<p class=\"paragraph text-left\"> <strong>\u00a0<\/strong> <\/p>\n<p class=\"paragraph text-left\"> <strong>\u00a0<\/strong>Sverige tog\u00a0fyra raka vinster i gruppspelet\u00a0efter att ha besegrat USA, Schweiz, Slovakien och Tyskland. I kvartsfinalen stod Lettland f\u00f6r motst\u00e5ndet.\u00a0 <\/p>\n<p class=\"paragraph text-left\"> \u2013 Vi var verkligen laddade. Vi hade l\u00e4ngtat efter slutspelsmatcherna och hade en j\u00e4kla bra k\u00e4nsla i hela laget, s\u00e4ger Felix. <\/p>\n<p class=\"paragraph text-left\"> \u2013\u00a0Jag hade aldrig tidigare spelat den h\u00e4r typen av matcher, vinna eller f\u00f6rsvinna. Pressen \u00e4r s\u00e5klart stor, och i den h\u00e4r \u00e5ldern vet man inte riktigt hur man ska hantera den. Men f\u00f6r min del gick det bra, och vi hj\u00e4lpte varandra v\u00e4ldigt mycket i laget, s\u00e4ger Loke <\/p>\n<p class=\"paragraph text-left\"> <strong>\u00a0<\/strong> <\/p>\n<p class=\"paragraph text-left\"> I finalen v\u00e4ntade Tjeckien.\u00a0 <\/p>\n<p class=\"paragraph text-left\"> \u2013 Jag var faktiskt inte nerv\u00f6s. Jag var mer nerv\u00f6s mot finnarna (i semifinalen). Vi hade en bra k\u00e4nsla i gruppen och visste att vi var det b\u00e4ttre laget och det visade vi ocks\u00e5. Jag var inne p\u00e5 isen slutet av finalen ocks\u00e5, men inte nerv\u00f6s d\u00e5 heller. Jag visste exakt vad jag skulle g\u00f6ra, s\u00e4ger Felix.\u00a0 <\/p>\n<p class=\"paragraph text-left\"> \u2013 Att kliva in i en final med allt som det inneb\u00e4r den var helt otroligt. Jag var nerv\u00f6s innan, men s\u00e5 fort pucken sl\u00e4pptes f\u00f6rsvann nervositeten. Den kom tillbaka mot slutet n\u00e4r Tjeckien reducera men samtidigt k\u00e4nde jag att vi skulle fixa det, s\u00e4ger Loke.\u00a0 <\/p>\n<p class=\"paragraph text-left\"> \u00a0\u00a0 <\/p>\n<p class=\"paragraph text-left\"> <strong>\u00a0<\/strong>Sverige vann till slut finalen med 4-2.  <\/p>\n<p class=\"paragraph text-left\"> <strong>Beskriv k\u00e4nslan n\u00e4r slutsignalen lj\u00f6d?<\/strong> <\/p>\n<p class=\"paragraph text-left\"> \u2013  Det \u00e4r det st\u00f6rsta jag har varit med om, utan tvekan. Ren, total gl\u00e4dje. Det tog ett tag att fatta att vi faktiskt hade vunnit JVM. Det \u00e4r n\u00e5got jag kommer b\u00e4ra med mig hela livet, s\u00e4ger Felix. <\/p>\n<p class=\"paragraph text-left\"> \u2013 Magiskt. Att vinna ett VM-guld\u2026 d\u00e4r och d\u00e5 var det bara ren lycka. Det \u00e4r fortfarande sv\u00e5rt att riktigt ta in det, \u00e4ven idag, s\u00e4ger Loke.\u00a0 <\/p>\n<p class=\"paragraph text-left\"> \u00a0 <\/p>\n<p class=\"paragraph text-left\"> Under torsdagen spelar herrarna i SHL igen och b\u00e5de Felix och Loke \u00e4r tillg\u00e4ngliga f\u00f6r spel.\u00a0 <\/p>\n<p class=\"paragraph text-left\"> \u2013 Det \u00e4r klart att jag kommer tillbaka med ett v\u00e4ldigt h\u00f6gt sj\u00e4lvf\u00f6rtroende,<strong>\u00a0<\/strong>det har jag<br \/>\nhaft de senaste m\u00e5naderna ocks\u00e5<strong>. <\/strong>Nu ska det bli riktigt kul att komma tillbaka<br \/>\noch f\u00f6rs\u00f6ka bidra p\u00e5 hemmaplan igen, s\u00e4ger Loke Krantz.\u00a0 <\/p>\n<p class=\"paragraph text-left\"> \u2013         Kul att komma hem och spela inf\u00f6r v\u00e5ra fantastiska supportrar igen. Sj\u00e4lvf\u00f6rtroendet \u00e4r p\u00e5 topp nu och suget efter att komma ut och spela \u00e4r enormt. bara p\u00e5 de h\u00e4r veckorna i USA k\u00e4nns det som att jag har l\u00e4rt mig v\u00e4ldigt mycket, avslutar Felix \u00d6hrqvist.\u00a0 <\/p>\n","protected":false},"excerpt":{"rendered":"\u2013\u00a0Det var en dr\u00f6m att f\u00e5 spela JVM. Det \u00e4r n\u00e5got jag har str\u00e4vat efter hela s\u00e4songen, s\u00e4ger&hellip;\n","protected":false},"author":2,"featured_media":134824,"comment_status":"","ping_status":"","sticky":false,"template":"","format":"standard","meta":{"footnotes":""},"categories":[68],"tags":[34,111,110,31,33,32,30],"class_list":{"0":"post-134823","1":"post","2":"type-post","3":"status-publish","4":"format-standard","5":"has-post-thumbnail","7":"category-sport","8":"tag-se","9":"tag-sport","10":"tag-sports","11":"tag-svenska","12":"tag-sverige","13":"tag-sweden","14":"tag-swedish"},"share_on_mastodon":{"url":"https:\/\/pubeurope.com\/@se\/115889677598730324","error":""},"_links":{"self":[{"href":"https:\/\/www.europesays.com\/se\/wp-json\/wp\/v2\/posts\/134823","targetHints":{"allow":["GET"]}}],"collection":[{"href":"https:\/\/www.europesays.com\/se\/wp-json\/wp\/v2\/posts"}],"about":[{"href":"https:\/\/www.europesays.com\/se\/wp-json\/wp\/v2\/types\/post"}],"author":[{"embeddable":true,"href":"https:\/\/www.europesays.com\/se\/wp-json\/wp\/v2\/users\/2"}],"replies":[{"embeddable":true,"href":"https:\/\/www.europesays.com\/se\/wp-json\/wp\/v2\/comments?post=134823"}],"version-history":[{"count":0,"href":"https:\/\/www.europesays.com\/se\/wp-json\/wp\/v2\/posts\/134823\/revisions"}],"wp:featuredmedia":[{"embeddable":true,"href":"https:\/\/www.europesays.com\/se\/wp-json\/wp\/v2\/media\/134824"}],"wp:attachment":[{"href":"https:\/\/www.europesays.com\/se\/wp-json\/wp\/v2\/media?parent=134823"}],"wp:term":[{"taxonomy":"category","embeddable":true,"href":"https:\/\/www.europesays.com\/se\/wp-json\/wp\/v2\/categories?post=134823"},{"taxonomy":"post_tag","embeddable":true,"href":"https:\/\/www.europesays.com\/se\/wp-json\/wp\/v2\/tags?post=134823"}],"curies":[{"name":"wp","href":"https:\/\/api.w.org\/{rel}","templated":true}]}}