{"id":134825,"date":"2026-01-13T20:28:51","date_gmt":"2026-01-13T20:28:51","guid":{"rendered":"https:\/\/www.europesays.com\/se\/134825\/"},"modified":"2026-01-13T20:28:51","modified_gmt":"2026-01-13T20:28:51","slug":"steffo-tornquist-om-70-arsdagen-det-ar-ett-jattebra-ogonblick-i-livet","status":"publish","type":"post","link":"https:\/\/www.europesays.com\/se\/134825\/","title":{"rendered":"Steffo T\u00f6rnquist om 70-\u00e5rsdagen: \u201dDet \u00e4r ett j\u00e4ttebra \u00f6gonblick i livet\u201d"},"content":{"rendered":"<p>N\u00e4r<strong> Steffo T\u00f6rnquist<\/strong> i dag fyller 70 \u00e5r firas det b\u00e5de med jakt p\u00e5 den egna herrg\u00e5rden, festligheter i Stockholm och tid med familjen. N\u00e5gon \u00e5ldersnoja vill han inte k\u00e4nnas vid, men han konstaterar samtidigt att siffran \u00e4r sv\u00e5r att bortse fr\u00e5n.<\/p>\n<p>\u201cDet \u00e4r absurt mycket och det \u00e4r f\u00f6rsta g\u00e5ngen jag reflekterar \u00f6ver det. Jag m\u00e4rker ocks\u00e5 att kroppen inte \u00e4r lika stark och skallen inte lika skarp\u201d, s\u00e4ger han n\u00e4r han tr\u00e4ffar <a href=\"https:\/\/www.aftonbladet.se\/nojesbladet\/a\/V6bO71\/steffo-tornquist-intervju\" rel=\"nofollow noopener\" target=\"_blank\">Aftonbladet<\/a>. <\/p>\n<p>Tillsammans med hustrun <strong>Caroline T\u00f6rnquist<\/strong> tittar han ofta p\u00e5 \u201dP\u00e5 sp\u00e5ret\u201d, och \u00e4ven d\u00e4r m\u00e4rks \u00e5ren, menar han.<\/p>\n<p>\u201cJag och min fru Carro brukar alltid titta p\u00e5 \u201dP\u00e5 sp\u00e5ret\u201d och f\u00f6r n\u00e5gra \u00e5r sedan l\u00e5g vi alltid runt 40 po\u00e4ng, nu ligger vi runt 34. Jag kommer inte p\u00e5 svaren i tid. Men det \u00e4r som det \u00e4r.\u201d<\/p>\n<p>Steffo tillfreds med nuet<\/p>\n<p>Samtidigt beskriver Steffo T\u00f6rnquist en stark tillfredsst\u00e4llelse med livet just nu.<\/p>\n<p>\u201cJag och Carro har det j\u00e4ttebra, vi har roligt p\u00e5 v\u00e5ra jobb, v\u00e5ra barn m\u00e5r skitbra och barnbarnen \u00e4r friska och roliga. Det \u00e4r ett j\u00e4ttebra \u00f6gonblick i livet.\u201d<\/p>\n<p>Han har tidigare ber\u00e4ttat f\u00f6r <a href=\"https:\/\/www.hant.se\/noje\/steffo-tornquist-om-att-ga-i-pension\/11064459\" rel=\"nofollow noopener\" target=\"_blank\">H\u00e4nt<\/a> att han g\u00e4rna vill trappa ner lite med arbetet men v\u00e4ntar in sin fru Caroline T\u00f6rnquist, som \u00e4r familjer\u00e4ttsjurist, innan de njuter av pensionen tillsammans. <\/p>\n<p><img loading=\"lazy\" decoding=\"async\" width=\"1024\" height=\"512\" src=\"https:\/\/www.europesays.com\/se\/wp-content\/uploads\/2026\/01\/Steffo-och-Caroline-1024x512.png\" alt=\"\" class=\"wp-image-1169924\"  \/>Privatlivet med Caroline T\u00f6rnquist, som han varit gift med sedan 2008, beskriver han som stabilt och k\u00e4rleksfullt. (Foto: Christine Olsson\/TT)<\/p>\n","protected":false},"excerpt":{"rendered":"N\u00e4r Steffo T\u00f6rnquist i dag fyller 70 \u00e5r firas det b\u00e5de med jakt p\u00e5 den egna herrg\u00e5rden, festligheter&hellip;\n","protected":false},"author":2,"featured_media":134826,"comment_status":"","ping_status":"","sticky":false,"template":"","format":"standard","meta":{"footnotes":""},"categories":[67],"tags":[104,2394,5442,34,13651,31,33,32,30,13195,4189,105],"class_list":{"0":"post-134825","1":"post","2":"type-post","3":"status-publish","4":"format-standard","5":"has-post-thumbnail","7":"category-underhallning","8":"tag-entertainment","9":"tag-kandisar","10":"tag-nyhetsmorgon","11":"tag-se","12":"tag-steffo-tornquist","13":"tag-svenska","14":"tag-sverige","15":"tag-sweden","16":"tag-swedish","17":"tag-tv-kandis","18":"tag-tv4","19":"tag-underhallning"},"share_on_mastodon":{"url":"https:\/\/pubeurope.com\/@se\/115889685440385625","error":""},"_links":{"self":[{"href":"https:\/\/www.europesays.com\/se\/wp-json\/wp\/v2\/posts\/134825","targetHints":{"allow":["GET"]}}],"collection":[{"href":"https:\/\/www.europesays.com\/se\/wp-json\/wp\/v2\/posts"}],"about":[{"href":"https:\/\/www.europesays.com\/se\/wp-json\/wp\/v2\/types\/post"}],"author":[{"embeddable":true,"href":"https:\/\/www.europesays.com\/se\/wp-json\/wp\/v2\/users\/2"}],"replies":[{"embeddable":true,"href":"https:\/\/www.europesays.com\/se\/wp-json\/wp\/v2\/comments?post=134825"}],"version-history":[{"count":0,"href":"https:\/\/www.europesays.com\/se\/wp-json\/wp\/v2\/posts\/134825\/revisions"}],"wp:featuredmedia":[{"embeddable":true,"href":"https:\/\/www.europesays.com\/se\/wp-json\/wp\/v2\/media\/134826"}],"wp:attachment":[{"href":"https:\/\/www.europesays.com\/se\/wp-json\/wp\/v2\/media?parent=134825"}],"wp:term":[{"taxonomy":"category","embeddable":true,"href":"https:\/\/www.europesays.com\/se\/wp-json\/wp\/v2\/categories?post=134825"},{"taxonomy":"post_tag","embeddable":true,"href":"https:\/\/www.europesays.com\/se\/wp-json\/wp\/v2\/tags?post=134825"}],"curies":[{"name":"wp","href":"https:\/\/api.w.org\/{rel}","templated":true}]}}