{"id":134830,"date":"2026-01-13T20:33:08","date_gmt":"2026-01-13T20:33:08","guid":{"rendered":"https:\/\/www.europesays.com\/se\/134830\/"},"modified":"2026-01-13T20:33:08","modified_gmt":"2026-01-13T20:33:08","slug":"pentagon-satsar-pa-grok-ska-inte-vara-woke","status":"publish","type":"post","link":"https:\/\/www.europesays.com\/se\/134830\/","title":{"rendered":"Pentagon satsar p\u00e5 Grok \u2013 \u201dska inte vara woke\u201d"},"content":{"rendered":"<p>share-arrowDela<\/p>\n<p>unsaveSpara<\/p>\n<p>expand-left<\/p>\n<p>helsk\u00e4rm<img decoding=\"async\" class=\"image-asset hyperion-css-u06ts1\" data-test-tag=\"image-asset\" src=\"https:\/\/www.europesays.com\/se\/wp-content\/uploads\/2026\/01\/78d03ee8-0b3e-443f-b47a-c7d40fa41c0d.jpeg\"  alt=\"USA:s krigsminister Pete Hegseth meddelar att Pentagon kommer b\u00f6rja mata in milit\u00e4r data i Elon Musks AI-verktyg Grok. Arkivbild.\"  loading=\"eager\" fetchpriority=\"high\" style=\"aspect-ratio:1900 \/ 1266\"\/>USA:s krigsminister Pete Hegseth meddelar att Pentagon kommer b\u00f6rja mata in milit\u00e4r data i Elon Musks AI-verktyg Grok. Arkivbild. Foto: Mark Schiefelbein\/AP\/TT<\/p>\n<p class=\"hyperion-css-1shl3oz\" data-test-tag=\"lead-text\">Pentagon kommer b\u00f6rja mata in milit\u00e4r data i det omtalade AI-verktyget Grok, uppger USA:s krigsminister Pete Hegseth.<\/p>\n<p class=\"hyperion-css-1shl3oz\" data-test-tag=\"lead-text\">\u2013 Pentagons AI kommer inte att vara \u201dwoke\u201d, sade Hegseth under ett tal p\u00e5 m\u00e5ndagen.<\/p>\n<p class=\"hyperion-css-1v9qo5x\">Chattbotten Grok, som skapats av Elon Musks bolag XAI, kommer b\u00f6rja anv\u00e4ndas av Pentagon senare i januari.<\/p>\n<p class=\"hyperion-css-1v9qo5x\">Enligt Hegseth ska \u201dall l\u00e4mplig data\u201d fr\u00e5n milit\u00e4rens it-system matas in i verktyget.<\/p>\n<p class=\"hyperion-css-1v9qo5x\">\u2013 AI \u00e4r bara s\u00e5 bra som den data den f\u00e5r, och vi kommer att se till att den finns d\u00e4r, sade krigsministern och tillade att han avf\u00e4rdar alla AI-modeller \u201dsom inte till\u00e5ter dig att f\u00f6ra krig\u201d.<\/p>\n<p class=\"hyperion-css-1v9qo5x\">\u2013 De milit\u00e4ra AI-systemen ska verka utan ideologiska begr\u00e4nsningar, som hindrar lagliga milit\u00e4ra till\u00e4mpningar. Pentagons AI kommer inte att vara \u201dwoke\u201d, fortsatte Hegseth.<\/p>\n<p class=\"hyperion-css-1v9qo5x\">Beskedet kommer bara dagar efter att skarp kritik riktats mot Grok sedan bilder med sexuellt inneh\u00e5ll genererats. Bland annat drabbades Sveriges energi- och n\u00e4ringsminister Ebba Busch (KD), som avbildades i bikini.<\/p>\n<p class=\"hyperion-css-1v9qo5x\">Grok har sedan tidigare varit i bl\u00e5sv\u00e4der f\u00f6r bland annat uttalanden om F\u00f6rintelsen och verktyget har blockerats av Malaysia och Indonesien.<\/p>\n","protected":false},"excerpt":{"rendered":"share-arrowDela unsaveSpara expand-left helsk\u00e4rmUSA:s krigsminister Pete Hegseth meddelar att Pentagon kommer b\u00f6rja mata in milit\u00e4r data i Elon&hellip;\n","protected":false},"author":2,"featured_media":134831,"comment_status":"","ping_status":"","sticky":false,"template":"","format":"standard","meta":{"footnotes":""},"categories":[5],"tags":[22,23,26,27,17,21,24,25,28,29,15,16,18,34,31,33,32,30,19,20],"class_list":{"0":"post-134830","1":"post","2":"type-post","3":"status-publish","4":"format-standard","5":"has-post-thumbnail","7":"category-rubriker","8":"tag-breaking-news","9":"tag-breakingnews","10":"tag-featured-news","11":"tag-featurednews","12":"tag-headlines","13":"tag-huvudnyheter","14":"tag-latest-news","15":"tag-latestnews","16":"tag-main-news","17":"tag-mainnews","18":"tag-news","19":"tag-nyheter","20":"tag-rubriker","21":"tag-se","22":"tag-svenska","23":"tag-sverige","24":"tag-sweden","25":"tag-swedish","26":"tag-top-stories","27":"tag-topstories"},"share_on_mastodon":{"url":"https:\/\/pubeurope.com\/@se\/115889701014545438","error":""},"_links":{"self":[{"href":"https:\/\/www.europesays.com\/se\/wp-json\/wp\/v2\/posts\/134830","targetHints":{"allow":["GET"]}}],"collection":[{"href":"https:\/\/www.europesays.com\/se\/wp-json\/wp\/v2\/posts"}],"about":[{"href":"https:\/\/www.europesays.com\/se\/wp-json\/wp\/v2\/types\/post"}],"author":[{"embeddable":true,"href":"https:\/\/www.europesays.com\/se\/wp-json\/wp\/v2\/users\/2"}],"replies":[{"embeddable":true,"href":"https:\/\/www.europesays.com\/se\/wp-json\/wp\/v2\/comments?post=134830"}],"version-history":[{"count":0,"href":"https:\/\/www.europesays.com\/se\/wp-json\/wp\/v2\/posts\/134830\/revisions"}],"wp:featuredmedia":[{"embeddable":true,"href":"https:\/\/www.europesays.com\/se\/wp-json\/wp\/v2\/media\/134831"}],"wp:attachment":[{"href":"https:\/\/www.europesays.com\/se\/wp-json\/wp\/v2\/media?parent=134830"}],"wp:term":[{"taxonomy":"category","embeddable":true,"href":"https:\/\/www.europesays.com\/se\/wp-json\/wp\/v2\/categories?post=134830"},{"taxonomy":"post_tag","embeddable":true,"href":"https:\/\/www.europesays.com\/se\/wp-json\/wp\/v2\/tags?post=134830"}],"curies":[{"name":"wp","href":"https:\/\/api.w.org\/{rel}","templated":true}]}}