{"id":134834,"date":"2026-01-13T20:36:19","date_gmt":"2026-01-13T20:36:19","guid":{"rendered":"https:\/\/www.europesays.com\/se\/134834\/"},"modified":"2026-01-13T20:36:19","modified_gmt":"2026-01-13T20:36:19","slug":"nya-succen-brackte-legendaren-arvika-nyheter","status":"publish","type":"post","link":"https:\/\/www.europesays.com\/se\/134834\/","title":{"rendered":"Nya succ\u00e9n: Br\u00e4ckte legendaren &#8211; Arvika Nyheter"},"content":{"rendered":"<ol>\n<li><a href=\"https:\/\/news.google.com\/rss\/articles\/CBMiggFBVV95cUxPTWJURzhXSzlqLTQ5NlhMRVhEMGRnN3JjRHBtdlF1TjF3QVZhZGw4MDdyR0xNVHFkTXlWX0F0S1Y3ckJZT2Z2aTNHVmdlV2w4RkdUZ0Vqakg2QkpoVXd4S2tQb3pFbUhJWnBhVE0xcHRXS0RlSFk2QmhBY0w5UE45X0dB?oc=5\" target=\"_blank\" rel=\"nofollow noopener\">Nya succ\u00e9n: Br\u00e4ckte legendaren<\/a>&nbsp;&nbsp;Arvika Nyheter<\/li>\n<li><a href=\"https:\/\/news.google.com\/rss\/articles\/CBMilwFBVV95cUxNUllrNVo1TFVSMVExRWhvU2hZaVZHQXNzQUFDQnYxeGwzZV9LekVZamU2eW9TeFQxUHBMWTNJNGJZV055cnh1Q0hNMVU2a2hxMjk3S0FxdzB4TmZsWTlOLUQzMVFIZU1XdG5XOVNiYklTQ3hkRzBLZFczNFlyeGtsNHBBSnJTOVdvSmdsZjctV1hHbllwekVV?oc=5\" target=\"_blank\" rel=\"nofollow noopener\">Golden Globe till Ludwig G\u00f6ransson i natt<\/a>&nbsp;&nbsp;Corren<\/li>\n<li><a href=\"https:\/\/news.google.com\/rss\/articles\/CBMikgFBVV95cUxOV2JaVWk4RGlJanB2LWpHSmlFeks4bWQtdE45OUdzNU4xczBFTko0end3UTh3VzNmd3o3ZWFlRG1udlNCRHRJM0ZDdGNlYzhDTUp4RWFSMVRFUE5hMTlad0I0b25HUEEyZTFPdVprZ2FZckstb0J4cVBqVDNscXRQM1FNUTBNd2U4cW10ZVJ6U1NSUQ?oc=5\" target=\"_blank\" rel=\"nofollow noopener\">Ludwig G\u00f6ransson f\u00e5r nytt prestigefyllt pris<\/a>&nbsp;&nbsp;Sveriges Radio<\/li>\n<li><a href=\"https:\/\/news.google.com\/rss\/articles\/CBMilgFBVV95cUxNX1ZfVGRJUlFiVnhwSUoyRFpWTXNWMjJEZUZaWVZ1T2dVX09xd1Z0UXNmMnMxN192S3dwVy0zTkJTZUlZa2pBeTFFc2lIOWRKanpMVHVpQmZ1aTNUWjRPU3Q1eldTbngwMDh6NUZQMWVISE80dzBOeF90eGx2MF9RZ1VnZXM0Tmt1M0w1SF93N1NCX3NhOHc?oc=5\" target=\"_blank\" rel=\"nofollow noopener\">Ludwig G\u00f6ransson bland vinnarna p\u00e5 Golden Globe-galan 2026<\/a>&nbsp;&nbsp;MovieZine.se<\/li>\n<li><a href=\"https:\/\/news.google.com\/rss\/articles\/CBMijwFBVV95cUxQNUROT1VDY0ZYMlpPLWFzVllvRHl6b2hYT0NkMGNzVFpIaHZXU1hPSU1TbVUycklZNERDcVdKNGFEQXBzbm9QVHFxNEI3Rkw2MGNWbERUSU5rTnljOC1PWU0tTVZaakpibWdKUGdwYk1HaXZPZlRjSFQ0cjlhQ20yVmRiNlQtMUI1MV9KY3ExZw?oc=5\" target=\"_blank\" rel=\"nofollow noopener\">Pris till Ludwig G\u00f6ransson p\u00e5 filmgala<\/a>&nbsp;&nbsp;Aftonbladet<\/li>\n<\/ol>\n","protected":false},"excerpt":{"rendered":"Nya succ\u00e9n: Br\u00e4ckte legendaren&nbsp;&nbsp;Arvika Nyheter Golden Globe till Ludwig G\u00f6ransson i natt&nbsp;&nbsp;Corren Ludwig G\u00f6ransson f\u00e5r nytt prestigefyllt pris&nbsp;&nbsp;Sveriges&hellip;\n","protected":false},"author":2,"featured_media":133459,"comment_status":"","ping_status":"","sticky":false,"template":"","format":"standard","meta":{"footnotes":""},"categories":[67],"tags":[104,34,31,33,32,30,105],"class_list":{"0":"post-134834","1":"post","2":"type-post","3":"status-publish","4":"format-standard","5":"has-post-thumbnail","7":"category-underhallning","8":"tag-entertainment","9":"tag-se","10":"tag-svenska","11":"tag-sverige","12":"tag-sweden","13":"tag-swedish","14":"tag-underhallning"},"share_on_mastodon":{"url":"https:\/\/pubeurope.com\/@se\/115889712852938597","error":""},"_links":{"self":[{"href":"https:\/\/www.europesays.com\/se\/wp-json\/wp\/v2\/posts\/134834","targetHints":{"allow":["GET"]}}],"collection":[{"href":"https:\/\/www.europesays.com\/se\/wp-json\/wp\/v2\/posts"}],"about":[{"href":"https:\/\/www.europesays.com\/se\/wp-json\/wp\/v2\/types\/post"}],"author":[{"embeddable":true,"href":"https:\/\/www.europesays.com\/se\/wp-json\/wp\/v2\/users\/2"}],"replies":[{"embeddable":true,"href":"https:\/\/www.europesays.com\/se\/wp-json\/wp\/v2\/comments?post=134834"}],"version-history":[{"count":0,"href":"https:\/\/www.europesays.com\/se\/wp-json\/wp\/v2\/posts\/134834\/revisions"}],"wp:featuredmedia":[{"embeddable":true,"href":"https:\/\/www.europesays.com\/se\/wp-json\/wp\/v2\/media\/133459"}],"wp:attachment":[{"href":"https:\/\/www.europesays.com\/se\/wp-json\/wp\/v2\/media?parent=134834"}],"wp:term":[{"taxonomy":"category","embeddable":true,"href":"https:\/\/www.europesays.com\/se\/wp-json\/wp\/v2\/categories?post=134834"},{"taxonomy":"post_tag","embeddable":true,"href":"https:\/\/www.europesays.com\/se\/wp-json\/wp\/v2\/tags?post=134834"}],"curies":[{"name":"wp","href":"https:\/\/api.w.org\/{rel}","templated":true}]}}