{"id":134837,"date":"2026-01-13T20:41:07","date_gmt":"2026-01-13T20:41:07","guid":{"rendered":"https:\/\/www.europesays.com\/se\/134837\/"},"modified":"2026-01-13T20:41:07","modified_gmt":"2026-01-13T20:41:07","slug":"hasse-och-ulla-i-ockelbo-har-ingen-el-efter-tre-veckor","status":"publish","type":"post","link":"https:\/\/www.europesays.com\/se\/134837\/","title":{"rendered":"Hasse och Ulla i Ockelbo har ingen el efter tre veckor"},"content":{"rendered":"<p class=\"sc-c25743f0-0 sc-e37c0145-2 hObFds DQgPn\">G\u00e4vleborgs l\u00e4n drabbades extremt h\u00e5rt av stormarna Johannes och Anna, med stora m\u00e4ngder sn\u00f6 och nedfallna tr\u00e4d. N\u00e5gra som drabbades \u00e4r Hasse och Ulla i \u00c5motsbruk i Ockelbo kommun, som blev av med elen hemma.<\/p>\n<p class=\"sc-c25743f0-0 sc-e37c0145-2 hObFds DQgPn\"><a href=\"https:\/\/www.tv4.se\/artikel\/4DM68G8S3ppraApRfjq8ru\/hasse-och-ulla-utan-el-i-tva-veckor-nu-foersvinner-den-sista-ljuskaellan\" class=\"pcc\" target=\"_top\" rel=\"nofollow noopener\">N\u00e4r TV4 Nyheterna<\/a> var d\u00e4r f\u00f6r en vecka sen hade det varit str\u00f6ml\u00f6st i tv\u00e5 veckor \u2013 och de har fortfarande inte f\u00e5tt tillbaka elen, trots att Ellevio slog p\u00e5 den i omr\u00e5det sent p\u00e5 m\u00e5ndagskv\u00e4llen. Det finns tv\u00e5 andra g\u00e5rdar p\u00e5 Hasses och Ullas v\u00e4g. D\u00e4r fungerar allt igen \u2013 men inte hos dem.<\/p>\n<p class=\"sc-c25743f0-0 sc-e37c0145-2 hObFds DQgPn\">\u2013 Nej, n\u00e4r de slog p\u00e5 det s\u00e5 funkade det inte hos oss. Jag vet inte om det \u00e4r kablarna h\u00e4r eller vad det \u00e4r f\u00f6r fel, s\u00e4ger Hasse och forts\u00e4tter.<\/p>\n<p class=\"sc-c25743f0-0 sc-e37c0145-2 hObFds DQgPn\">\u2013 De ska ringa nu h\u00e4r om ett tag, n\u00e5gra killar ska komma och kolla, men ingen har ringt \u00e4n.<\/p>\n<p>\u201dT\u00e4nker p\u00e5 Ukraina\u201d<\/p>\n<p class=\"sc-c25743f0-0 sc-e37c0145-2 hObFds DQgPn\">Som tur \u00e4r s\u00e5 har paret ett bensinaggregat som ger str\u00f6m till tv och mobiltelefoner och en vedspis som h\u00e5ller v\u00e4rmen i huset.<\/p>\n<p class=\"sc-c25743f0-0 sc-e37c0145-2 hObFds DQgPn\">\u2013 Kommunen har ringt och fr\u00e5gat hur vi m\u00e5r. Vi sade att vi klarade oss. De som \u00e4r helt utan v\u00e4rme \u00e4r de som har riktiga problem, s\u00e4ger Hasse.<\/p>\n<p class=\"sc-c25743f0-0 sc-e37c0145-2 hObFds DQgPn\">Han vill \u00e4ven n\u00e4mna att de t\u00e4nkt mycket p\u00e5 den ukrainska befolkningen under de senaste veckorna.<\/p>\n<p class=\"sc-c25743f0-0 sc-e37c0145-2 hObFds DQgPn\">\u2013 De har det s\u00e5 h\u00e4r hela tiden.<\/p>\n<p>Ellevio: De flesta har f\u00e5tt elen tillbaka<\/p>\n<p class=\"sc-c25743f0-0 sc-e37c0145-2 hObFds DQgPn\">Jesper Liver\u00f6d, presschef p\u00e5 Ellevio, s\u00e4ger att lejonparten av alla bost\u00e4der i G\u00e4vleborg fick tillbaka sin el under s\u00f6ndagen.<\/p>\n<p class=\"sc-c25743f0-0 sc-e37c0145-2 hObFds DQgPn\">\u2013 Det \u00e4r v\u00e4ldigt viktigt att kunderna som inte f\u00e5tt tillbaka sin el h\u00f6r av sig till oss. Just nu \u00e4r n\u00e4tet v\u00e4ldigt, v\u00e4ldigt sk\u00f6rt i de h\u00e4r trakterna efter den h\u00e4r dyngsmockan. Tr\u00e4d h\u00e4nger p\u00e5 ledningar. Stolpar och transformatorer \u00e4r krossade av fallande tr\u00e4d. Det vi prioriterat \u00e4r att alla f\u00e5r tillbaka str\u00f6mmen, s\u00e4ger han och forts\u00e4tter:<\/p>\n<p class=\"sc-c25743f0-0 sc-e37c0145-2 hObFds DQgPn\">\u2013 Vi kommer att f\u00e5 g\u00f6ra en rej\u00e4l utv\u00e4rdering. Vi har en l\u00e5ng lista med planer f\u00f6r att skydda n\u00e4tet mot v\u00e4der och vind. Nu kommer vi att beh\u00f6va prioritera om en del. Ibland \u00e4r det inte bara att gr\u00e4va ner en kabel, utan man m\u00e5ste bygga om hela strukturen p\u00e5 n\u00e4tet.<\/p>\n<p class=\"sc-c25743f0-0 sc-e37c0145-2 hObFds DQgPn\">Vad g\u00f6r ni f\u00f6r de som inte haft el p\u00e5 flera veckor?<\/p>\n<p class=\"sc-c25743f0-0 sc-e37c0145-2 hObFds DQgPn\">\u2013 Kunderna f\u00e5r ekonomisk kompensation. De som varit av med str\u00f6mmen l\u00e4ngst f\u00e5r tre g\u00e5nger \u00e5rsavgiften tillbaka, det handlar om 15-30 000 kronor.<\/p>\n","protected":false},"excerpt":{"rendered":"G\u00e4vleborgs l\u00e4n drabbades extremt h\u00e5rt av stormarna Johannes och Anna, med stora m\u00e4ngder sn\u00f6 och nedfallna tr\u00e4d. N\u00e5gra&hellip;\n","protected":false},"author":2,"featured_media":134838,"comment_status":"","ping_status":"","sticky":false,"template":"","format":"standard","meta":{"footnotes":""},"categories":[5],"tags":[22,23,26,27,17,21,24,25,28,29,15,16,18,34,31,33,32,30,19,20],"class_list":{"0":"post-134837","1":"post","2":"type-post","3":"status-publish","4":"format-standard","5":"has-post-thumbnail","7":"category-rubriker","8":"tag-breaking-news","9":"tag-breakingnews","10":"tag-featured-news","11":"tag-featurednews","12":"tag-headlines","13":"tag-huvudnyheter","14":"tag-latest-news","15":"tag-latestnews","16":"tag-main-news","17":"tag-mainnews","18":"tag-news","19":"tag-nyheter","20":"tag-rubriker","21":"tag-se","22":"tag-svenska","23":"tag-sverige","24":"tag-sweden","25":"tag-swedish","26":"tag-top-stories","27":"tag-topstories"},"share_on_mastodon":{"url":"https:\/\/pubeurope.com\/@se\/115889732496527477","error":""},"_links":{"self":[{"href":"https:\/\/www.europesays.com\/se\/wp-json\/wp\/v2\/posts\/134837","targetHints":{"allow":["GET"]}}],"collection":[{"href":"https:\/\/www.europesays.com\/se\/wp-json\/wp\/v2\/posts"}],"about":[{"href":"https:\/\/www.europesays.com\/se\/wp-json\/wp\/v2\/types\/post"}],"author":[{"embeddable":true,"href":"https:\/\/www.europesays.com\/se\/wp-json\/wp\/v2\/users\/2"}],"replies":[{"embeddable":true,"href":"https:\/\/www.europesays.com\/se\/wp-json\/wp\/v2\/comments?post=134837"}],"version-history":[{"count":0,"href":"https:\/\/www.europesays.com\/se\/wp-json\/wp\/v2\/posts\/134837\/revisions"}],"wp:featuredmedia":[{"embeddable":true,"href":"https:\/\/www.europesays.com\/se\/wp-json\/wp\/v2\/media\/134838"}],"wp:attachment":[{"href":"https:\/\/www.europesays.com\/se\/wp-json\/wp\/v2\/media?parent=134837"}],"wp:term":[{"taxonomy":"category","embeddable":true,"href":"https:\/\/www.europesays.com\/se\/wp-json\/wp\/v2\/categories?post=134837"},{"taxonomy":"post_tag","embeddable":true,"href":"https:\/\/www.europesays.com\/se\/wp-json\/wp\/v2\/tags?post=134837"}],"curies":[{"name":"wp","href":"https:\/\/api.w.org\/{rel}","templated":true}]}}