{"id":134843,"date":"2026-01-13T20:49:25","date_gmt":"2026-01-13T20:49:25","guid":{"rendered":"https:\/\/www.europesays.com\/se\/134843\/"},"modified":"2026-01-13T20:49:25","modified_gmt":"2026-01-13T20:49:25","slug":"sverige-utvisar-mig-till-en-saker-dod-i-iran","status":"publish","type":"post","link":"https:\/\/www.europesays.com\/se\/134843\/","title":{"rendered":"Sverige utvisar mig till en s\u00e4ker d\u00f6d i Iran"},"content":{"rendered":"<p>Vad h\u00e4nde med det Sverige som stod upp f\u00f6r m\u00e4nskliga r\u00e4ttigheter, f\u00f6r press- och yttrandefrihet?<\/p>\n<p>Utvisningshotade journalisten Lavan Mohammadi v\u00e4djar till Migrationsverket att f\u00e5 slippa d\u00f6 f\u00f6r sina \u00e5sikter i Iran.\u00a0<\/p>\n<p><img   alt=\"\"\/><\/p>\n<p>Nyhetsankaret Lavan Mohammadi ska utvisas fr\u00e5n Sverige till Iran.<\/p>\n<p>Foto: Aryen TV<\/p>\n<p>\u00d6ppna bild i helsk\u00e4rm<\/p>\n<p><strong>KULTURDEBATT.<\/strong> Min v\u00e4g fr\u00e5n den iranska delen av Kurdistan till Stockholm bottnar i mitt politiska engagemang. Jag kunde inte l\u00e4ngre leva i <a href=\"https:\/\/www.expressen.se\/tagg\/location\/iran\/\" class=\"\" rel=\"nofollow noopener\" target=\"_blank\">Iran<\/a> och 2019 best\u00e4mde jag mig f\u00f6r att fly till Sverige, landet som en g\u00e5ng i tiden var k\u00e4nt f\u00f6r sin solidaritet med de f\u00f6rtryckta och som en stor humanit\u00e4r makt.<\/p>\n<p>Mitt liv i Sverige b\u00f6rjade inte bra. Min asylans\u00f6kan avslogs. 2023 fick jag tillf\u00e4lligt arbetstillst\u00e5nd. Jag blev mycket glad. Jag var i s\u00e4kerhet och mitt liv var inte hotat l\u00e4ngre. Jag fick fast anst\u00e4llning p\u00e5 den stora kurdiska och persiska satellit-tv-kanalen Aryen tv i Stockholm. Min dr\u00f6m hade g\u00e5tt i uppfyllelse. Jag fick arbeta som journalist i Sverige. Jag hade l\u00f6n. Jag kunde l\u00e4sa upp nyheter f\u00f6r miljontals nyhetst\u00f6rstande m\u00e4nniskor i Iran \u2013 ett alternativ till propagandan de matas med dygnet runt.\u00a0<\/p>\n<blockquote><p>Journalister som v\u00e4grar lyda ayatollorna kastas i f\u00e4ngelse p\u00e5 l\u00f6pande band.<\/p><\/blockquote>\n<p>Jag anser att mitt arbete p\u00e5 Aryen tv \u00e4r viktigt \u00e4ven om jag ofta bara l\u00e4ser jag upp nyheter om r\u00e4ttsvidriga domar och avr\u00e4ttningar av politiska f\u00e5ngar, \u00f6vergrepp beg\u00e5ngna av den iranska regimens v\u00e5ldsapparat. Det \u00e4r ingen hemlighet att Teheranregimen, sedan ayatollorna tog makten i Iran 1979, inte kan stava till press- och yttrandefrihet. Endast statliga medier som hyllar regimen och ayatollorna till\u00e5ts verka i Iran. Journalister som v\u00e4grar lyda ayatollorna kastas i f\u00e4ngelse p\u00e5 l\u00f6pande band.<\/p>\n<p>Men nu verkar inte Sverige heller vara s\u00e5 yttrande- och pressfrihetsv\u00e4nligt l\u00e4ngre. Sedan Sverige ans\u00f6kte om medlemskap i f\u00f6rsvarsalliansen Nato tillsammans med Finland har jag noterat att det bl\u00e5ser kalla vindar mot svenskkurder och svenskkurdiska journalister. Under de senaste \u00e5ren har flera av mina arbetskamrater p\u00e5 Aryen tv f\u00e5tt utvisningsbesked. En del av mina kolleger <a href=\"https:\/\/www.journalisten.se\/nyheter\/ingen-kan-forsta-att-sverige-kastar-ut-en-journalist-som-iran-jagar\/\" rel=\"nofollow noopener\" target=\"_blank\">har l\u00e4mnat Sverige <\/a>och b\u00f6rjat om i andra l\u00e4nder. Nu flyr publicister det Sverige som en g\u00e5ng i tiden \u00f6ppnade sin famn f\u00f6r just akademiker, journalister och m\u00e4nniskor\u00e4ttsk\u00e4mpar.<\/p>\n<p>Det humanistiska Sverige verkar vara ett minne blott. Det p\u00e5g\u00e5r en obehaglig jakt p\u00e5 m\u00e4nniskor som beh\u00f6ver en fristad. Denna jakt har nu n\u00e5tt ocks\u00e5 mig. Och i dagarna, n\u00e4r miljontals inv\u00e5nare i Iran b\u00f6rjat demonstrera mot ayatollorna, vill Migrationsverket utvisa mig till Iran. Det \u00e4r s\u00e5 galet och absurt. Vem som helst kan f\u00f6rst\u00e5 att en nyhetsuppl\u00e4sare som syns fem dagar veckan i en regimkritisk tv-kanal riskerar avr\u00e4ttning vid ett \u00e5terv\u00e4ndande. Och nu n\u00e4r ayatollorna k\u00e4mpar med n\u00e4bbar och klor f\u00f6r sin \u00f6verlevnad st\u00e4mplar de alla utlandsiranier som spioner f\u00f6r staten Israel.<\/p>\n<blockquote><p>Sn\u00e4lla Migrationsverket, t\u00e4nk om och t\u00e4nk r\u00e4tt.<\/p><\/blockquote>\n<p>Min situation \u00e4r mycket allvarlig. Jag \u00e4r namngiven i ett s\u00e4kerhetsrelaterat \u00e5tal vid iranska revolutionsdomstolen. Jag anklagas f\u00f6r att \u201dundergr\u00e4va rikets s\u00e4kerhet\u201d genom p\u00e5st\u00e5dda kopplingar till de kurdiska partier som \u00e4r opposition mot den iranska regimen. Klassiska anklagelser som anv\u00e4nds regelbundet i Iran mot journalister, olikt\u00e4nkande och kurdiska m\u00e4nniskor\u00e4ttsaktivister.<\/p>\n<p>Dessutom har jag i Sverige f\u00e5tt direkta hot fr\u00e5n den iranska s\u00e4kerhetstj\u00e4nsten.<\/p>\n<p>Sn\u00e4lla Migrationsverket, t\u00e4nk om och t\u00e4nk r\u00e4tt.\u00a0<\/p>\n<p>Skicka mig inte till en s\u00e4ker d\u00f6d i Iran.\u00a0<\/p>\n<p><strong>Av Lavan Mohammadi<\/strong><\/p>\n<p>Lavan Mohammadi \u00e4r journalist.\u00a0<\/p>\n<p>\u00d6vers\u00e4ttning fr\u00e5n kurdiska Kurdo Baksi<\/p>\n","protected":false},"excerpt":{"rendered":"Vad h\u00e4nde med det Sverige som stod upp f\u00f6r m\u00e4nskliga r\u00e4ttigheter, f\u00f6r press- och yttrandefrihet? Utvisningshotade journalisten Lavan&hellip;\n","protected":false},"author":2,"featured_media":134844,"comment_status":"","ping_status":"","sticky":false,"template":"","format":"standard","meta":{"footnotes":""},"categories":[5],"tags":[22,23,26,27,17,21,24,25,971,6587,212,28,29,15,13556,16,3755,47,1401,1602,18,34,106,31,33,32,30,19,152,205,740,781,20],"class_list":{"0":"post-134843","1":"post","2":"type-post","3":"status-publish","4":"format-standard","5":"has-post-thumbnail","7":"category-rubriker","8":"tag-breaking-news","9":"tag-breakingnews","10":"tag-featured-news","11":"tag-featurednews","12":"tag-headlines","13":"tag-huvudnyheter","14":"tag-latest-news","15":"tag-latestnews","16":"tag-location-iran","17":"tag-location-kurdistan","18":"tag-location-sverige","19":"tag-main-news","20":"tag-mainnews","21":"tag-news","22":"tag-newsstory-protesterna-i-iran","23":"tag-nyheter","24":"tag-organization-expressen-kultur","25":"tag-organization-migrationsverket","26":"tag-organization-nato","27":"tag-person-johan-forssell","28":"tag-rubriker","29":"tag-se","30":"tag-sections-ide","31":"tag-svenska","32":"tag-sverige","33":"tag-sweden","34":"tag-swedish","35":"tag-top-stories","36":"tag-topic-inrikespolitik","37":"tag-topic-journalistik-medier","38":"tag-topic-migration-integration","39":"tag-topic-utrikespolitik","40":"tag-topstories"},"share_on_mastodon":{"url":"","error":"Validation failed: Text character limit of 500 exceeded"},"_links":{"self":[{"href":"https:\/\/www.europesays.com\/se\/wp-json\/wp\/v2\/posts\/134843","targetHints":{"allow":["GET"]}}],"collection":[{"href":"https:\/\/www.europesays.com\/se\/wp-json\/wp\/v2\/posts"}],"about":[{"href":"https:\/\/www.europesays.com\/se\/wp-json\/wp\/v2\/types\/post"}],"author":[{"embeddable":true,"href":"https:\/\/www.europesays.com\/se\/wp-json\/wp\/v2\/users\/2"}],"replies":[{"embeddable":true,"href":"https:\/\/www.europesays.com\/se\/wp-json\/wp\/v2\/comments?post=134843"}],"version-history":[{"count":0,"href":"https:\/\/www.europesays.com\/se\/wp-json\/wp\/v2\/posts\/134843\/revisions"}],"wp:featuredmedia":[{"embeddable":true,"href":"https:\/\/www.europesays.com\/se\/wp-json\/wp\/v2\/media\/134844"}],"wp:attachment":[{"href":"https:\/\/www.europesays.com\/se\/wp-json\/wp\/v2\/media?parent=134843"}],"wp:term":[{"taxonomy":"category","embeddable":true,"href":"https:\/\/www.europesays.com\/se\/wp-json\/wp\/v2\/categories?post=134843"},{"taxonomy":"post_tag","embeddable":true,"href":"https:\/\/www.europesays.com\/se\/wp-json\/wp\/v2\/tags?post=134843"}],"curies":[{"name":"wp","href":"https:\/\/api.w.org\/{rel}","templated":true}]}}