{"id":134851,"date":"2026-01-13T20:57:12","date_gmt":"2026-01-13T20:57:12","guid":{"rendered":"https:\/\/www.europesays.com\/se\/134851\/"},"modified":"2026-01-13T20:57:12","modified_gmt":"2026-01-13T20:57:12","slug":"trump-och-fed-nytt-kapitel-i-gammal-strid","status":"publish","type":"post","link":"https:\/\/www.europesays.com\/se\/134851\/","title":{"rendered":"Trump och Fed \u2013 nytt kapitel i gammal strid"},"content":{"rendered":"<p class=\"font-sans text-base text-text-main dark:text-text-main-dark font-normal leading-[1.4]\">USA:s justitiedepartement st\u00e4mmer<strong>\u00a0Federal Reserve<\/strong>. Det r\u00f6r en renovering av centralbankens h\u00f6gkvarter i Washington, vars kostnader sv\u00e4llt till 2,5 miljarder dollar.<\/p>\n<p class=\"font-sans text-base text-text-main dark:text-text-main-dark font-normal leading-[1.4]\">President\u00a0<strong>Donald Trump\u00a0<\/strong>har flera g\u00e5nger kritiserat renoveringen och antytt att centralbankschefen\u00a0<strong>Jerome Powell\u00a0<\/strong>egentligen\u00a0<a class=\"text-primary-90 underline hover:text-primary-110 hover:no-underline\" href=\"https:\/\/edition.cnn.com\/2025\/07\/15\/business\/trump-says-fed-renovations-are-sort-of-a-fireable-offense\" rel=\"nofollow noopener\" target=\"_blank\">bygger<\/a>\u00a0ett \u201dpalats\u201d \u00e5t sig sj\u00e4lv.<\/p>\n<p class=\"font-sans text-base text-text-main dark:text-text-main-dark font-normal leading-[1.4]\">Det \u00e4r inte heller f\u00f6rsta g\u00e5ngen presidenten riktar kritik mot Fed.<\/p>\n<p class=\"font-sans text-base text-text-main dark:text-text-main-dark font-normal leading-[1.4]\">Vid upprepade tillf\u00e4llen har Trump pressat centralbanken att s\u00e4nka r\u00e4ntan, och kallat Powell<strong>\u00a0<\/strong>f\u00f6r en \u201denvis mula\u201d och \u201dMr. Too Late\u201d. F\u00f6rra \u00e5ret avskedade han \u00e4ven Fed-guvern\u00f6ren <strong>Lisa Cook<\/strong>.<\/p>\n<p class=\"font-sans text-base text-text-main dark:text-text-main-dark font-normal leading-[1.4]\">Det v\u00e4cker fr\u00e5gor om centralbankens oberoende, vilket p\u00e5pekades i dag n\u00e4r Sveriges riksbankschef\u00a0<strong>Erik Thed\u00e9en<\/strong>\u00a0skrev under ett gemensamt uttalande till st\u00f6d f\u00f6r Powell.\u00a0Andra som skrivit p\u00e5 \u00e4r\u00a0<strong>ECB<\/strong>-chefen<strong>\u00a0Christine Lagarde<\/strong>\u00a0och Kanadas centralbankschef\u00a0<strong>Tiff Macklem<\/strong>.<\/p>\n<p class=\"font-sans text-base text-text-main dark:text-text-main-dark font-normal leading-[1.4]\">Men politiska f\u00f6rs\u00f6k att styra centralbanker \u00e4r inget nytt.<\/p>\n<p>Erdo\u011fan h\u00e4vdade \u201dr\u00e4ntelobby\u201d<\/p>\n<p class=\"font-sans text-base text-text-main dark:text-text-main-dark font-normal leading-[1.4]\">Turkiets centralbank blev sj\u00e4lvst\u00e4ndig 2001, under en period d\u00e5 m\u00e5nga centralbanker st\u00e4rkte sitt oberoende.<\/p>\n<p class=\"font-sans text-base text-text-main dark:text-text-main-dark font-normal leading-[1.4]\">De kommande 15 \u00e5ren sj\u00f6nk inflationen fr\u00e5n 53% till 8%. Men den politiska ledningen, med president\u00a0<strong>Recep Tayyip Erdo\u011fan\u00a0<\/strong>i spetsen, b\u00f6rjade s\u00e4tta press p\u00e5 centralbanken f\u00f6r att h\u00e5lla r\u00e4ntan l\u00e5g.<\/p>\n<p><img alt=\"Turkiets president Recep Tayyip Erdo\u011fan \u00e5r 2018.\" decoding=\"async\" data-nimg=\"fill\" class=\"rounded-2xl max-w-full\" style=\"position:absolute;height:100%;width:100%;left:0;top:0;right:0;bottom:0;color:transparent\"   src=\"https:\/\/www.europesays.com\/se\/wp-content\/uploads\/2026\/01\/image.webp\"\/>Foto: Presidential Press Servic\/AP\/PoolTurkiets president Recep Tayyip Erdo\u011fan \u00e5r 2018.<\/p>\n<p class=\"font-sans text-base text-text-main dark:text-text-main-dark font-normal leading-[1.4]\">Presidenten\u00a0<a class=\"text-primary-90 underline hover:text-primary-110 hover:no-underline\" href=\"https:\/\/www.reuters.com\/article\/world\/turkeys-erdogan-says-high-interest-rate-lobby-guilty-of-treason-idUSKBN0LW0Y5\/\" rel=\"nofollow noopener\" target=\"_blank\">h\u00e4vdade<\/a>\u00a0att en \u201dr\u00e4ntelobby\u201d verkade f\u00f6r en h\u00f6g styrr\u00e4nta. Alla som motsatte sig r\u00e4ntes\u00e4nkningar gjorde sig skyldiga till f\u00f6rr\u00e4deri mot nationen, sade han.<\/p>\n<p class=\"font-sans text-base text-text-main dark:text-text-main-dark font-normal leading-[1.4]\">N\u00e4r landets centralbankschef\u00a0<strong>Naci Abgal\u00a0<\/strong>h\u00f6jde styrr\u00e4ntan 2021, togs det inte emot v\u00e4l. Abgal fick\u00a0<a class=\"text-primary-90 underline hover:text-primary-110 hover:no-underline\" href=\"https:\/\/www.ft.com\/content\/86bef727-66dd-45cf-8ca6-85e846a276fd\" rel=\"nofollow noopener\" target=\"_blank\">sparken<\/a>\u00a0av Erdo\u011fan bara n\u00e5gra dagar senare.<\/p>\n<p class=\"font-sans text-base text-text-main dark:text-text-main-dark font-normal leading-[1.4]\">Erdo\u011fans beblandning med landets penningpolitik beskrivs\u00a0<a class=\"text-primary-90 underline hover:text-primary-110 hover:no-underline\" href=\"https:\/\/www.ft.com\/content\/0d3116f3-c55b-480e-80c3-f2bc29994186\" rel=\"nofollow noopener\" target=\"_blank\">fortfarande<\/a>\u00a0som \u201dett experiment\u201d. I dag ligger inflationen p\u00e5 31%.<\/p>\n<p>Anklagades f\u00f6r devalvering<\/p>\n<p class=\"font-sans text-base text-text-main dark:text-text-main-dark font-normal leading-[1.4]\">Argentinas centralbank \u00e4r formellt en oberoende institution sedan 1992, men har flera g\u00e5nger p\u00e5verkats av politiker.<\/p>\n<p class=\"font-sans text-base text-text-main dark:text-text-main-dark font-normal leading-[1.4]\">Under tidigt 2010-tal l\u00e5g landets regering i en l\u00e5ng strid med sin centralbank. Konflikten bottnade i vad som skulle prioriteras: bek\u00e4mpningen av landets h\u00f6ga inflation eller tillv\u00e4xtstimulerande \u00e5tg\u00e4rder.<\/p>\n<p class=\"font-sans text-base text-text-main dark:text-text-main-dark font-normal leading-[1.4]\">D\u00e5varande president\u00a0<strong>Cristina Fern\u00e1ndez de<\/strong>\u00a0<strong>Kirchner<\/strong>\u00a0f\u00f6respr\u00e5kade det senare.<\/p>\n<p><img alt=\"Cristina Fernandez de Kirchner.\" decoding=\"async\" data-nimg=\"fill\" class=\"rounded-2xl max-w-full\" style=\"position:absolute;height:100%;width:100%;left:0;top:0;right:0;bottom:0;color:transparent\"   src=\"https:\/\/www.europesays.com\/se\/wp-content\/uploads\/2026\/01\/1768337831_102_image.webp\"\/>Foto: AP Photo\/Natacha PisarenkoCristina Fernandez de Kirchner.<\/p>\n<p class=\"font-sans text-base text-text-main dark:text-text-main-dark font-normal leading-[1.4]\">I ett tal 2014\u00a0<a class=\"text-primary-90 underline hover:text-primary-110 hover:no-underline\" href=\"https:\/\/www.affarsvarlden.se\/artikel\/han-blir-argentinas-nye-centralbankschef-6776729\" rel=\"nofollow noopener\" target=\"_blank\">riktade<\/a>\u00a0hon kritik mot centralbanken. Enligt henne hade banken inte lyckats kontrollera akt\u00f6rer som f\u00f6rs\u00f6kt provocera fram en nedskrivning av valutan.<\/p>\n<p class=\"font-sans text-base text-text-main dark:text-text-main-dark font-normal leading-[1.4]\">Dagen efter avgick centralbankschefen\u00a0<strong>Juan Carlos Fabrega<\/strong>, vilket skapade farh\u00e5gor \u00f6ver statens inflytande p\u00e5 banken.<\/p>\n<p class=\"font-sans text-base text-text-main dark:text-text-main-dark font-normal leading-[1.4]\">I dag \u00e4r\u00a0<strong>Javier Mileis\u00a0<\/strong>Argentina president. Ett av hans vall\u00f6ften 2023 var att st\u00e4nga centralbanken, en fr\u00e5ga han\u00a0<a class=\"text-primary-90 underline hover:text-primary-110 hover:no-underline\" href=\"https:\/\/reuters.omni.se\/argentina-s-milei-says-shutting-central-bank-non-negotiable\/a\/APaVmE\" rel=\"nofollow noopener\" target=\"_blank\">beskrev<\/a>\u00a0som icke-f\u00f6rhandlingsbar.<\/p>\n<p>Blanka landets valuta?<\/p>\n<p class=\"font-sans text-base text-text-main dark:text-text-main-dark font-normal leading-[1.4]\">Inf\u00f6r Storbritanniens r\u00f6stning om EU-medlemskap 2016, hamnade centralbanken i kl\u00e4m med brexitr\u00f6relsen.<\/p>\n<p class=\"font-sans text-base text-text-main dark:text-text-main-dark font-normal leading-[1.4]\">Centralbankschefen\u00a0<strong>Mark Carney\u00a0<\/strong>varnade f\u00f6r att ett uttr\u00e4de ur EU skulle skada landets ekonomi, bland annat genom risker f\u00f6r en teknisk recession. Det inneb\u00e4r en negativ tillv\u00e4xt tv\u00e5 kvartal i rad.<\/p>\n<p class=\"font-sans text-base text-text-main dark:text-text-main-dark font-normal leading-[1.4]\">Varningarna m\u00f6tte kritik fr\u00e5n flera brexitf\u00f6respr\u00e5kare. Bland dem fanns den konservativa parlamentsledamoten<strong>\u00a0Jacob Rees-Mogg<\/strong>, som uppmanade centralbankschefen att avg\u00e5.<\/p>\n<p class=\"font-sans text-base text-text-main dark:text-text-main-dark font-normal leading-[1.4]\">\u201dJag tycker att det saknar motstycke att chefen f\u00f6r en centralbank f\u00f6resl\u00e5r att m\u00e4nniskor ska blanka sin egen valuta\u201d,\u00a0<a class=\"text-primary-90 underline hover:text-primary-110 hover:no-underline\" href=\"https:\/\/www.bbc.com\/news\/business-36273448\" rel=\"nofollow noopener\" target=\"_blank\">sade han<\/a>, enligt BBC.<\/p>\n<p><img alt=\"Jacob Rees-Mogg har sedan 2024 en realityserie om sig sj\u00e4lv och sin familj. Foto: AP Photo\/Kin Cheung\" decoding=\"async\" data-nimg=\"fill\" class=\"rounded-2xl max-w-full\" style=\"position:absolute;height:100%;width:100%;left:0;top:0;right:0;bottom:0;color:transparent\"   src=\"https:\/\/www.europesays.com\/se\/wp-content\/uploads\/2026\/01\/1768337832_136_image.webp\"\/>Foto: AP Photo\/Kin CheungSedan 2024 har Jacob Rees-Mogg en realityserie om sig sj\u00e4lv och sin familj.Inte f\u00f6rsta tvisten i USA<\/p>\n<p class=\"font-sans text-base text-text-main dark:text-text-main-dark font-normal leading-[1.4]\">USA:s p\u00e5g\u00e5ende tvist mellan Vita huset och Fed \u00e4r inte heller supermaktens f\u00f6rsta.<\/p>\n<p class=\"font-sans text-base text-text-main dark:text-text-main-dark font-normal leading-[1.4]\">Inf\u00f6r valet 1972 pressade president\u00a0<strong>Richard Nixon\u00a0<\/strong>d\u00e5varande Fed-chef\u00a0<strong>Arthur Burns\u00a0<\/strong>att h\u00e5lla r\u00e4ntorna l\u00e5ga och f\u00f6ra en expansiv penningpolitik. Det finns till och med bandinspelningar p\u00e5 samtalen som f\u00f6rdes.<\/p>\n<p class=\"font-sans text-base text-text-main dark:text-text-main-dark font-normal leading-[1.4]\">Hur st\u00e4mningen mot Fed utvecklas \u00e5terst\u00e5r att se. I ett uttalande sade Jerome Powell:<\/p>\n<p class=\"font-sans text-base text-text-main dark:text-text-main-dark font-normal leading-[1.4]\">\u201dDet h\u00e4r handlar om huruvida Fed kommer kunna forts\u00e4tta att s\u00e4tta r\u00e4ntorna baserat p\u00e5 bevis och ekonomiska f\u00f6rh\u00e5llanden, eller om penningpolitiken i st\u00e4llet kommer styras av politiska p\u00e5tryckningar eller hot.\u201d<\/p>\n","protected":false},"excerpt":{"rendered":"USA:s justitiedepartement st\u00e4mmer\u00a0Federal Reserve. Det r\u00f6r en renovering av centralbankens h\u00f6gkvarter i Washington, vars kostnader sv\u00e4llt till 2,5&hellip;\n","protected":false},"author":2,"featured_media":134852,"comment_status":"","ping_status":"","sticky":false,"template":"","format":"standard","meta":{"footnotes":""},"categories":[5],"tags":[13652,22,23,318,385,26,27,1725,17,21,24,25,28,29,2354,15,16,18,34,31,33,32,30,19,20,74],"class_list":{"0":"post-134851","1":"post","2":"type-post","3":"status-publish","4":"format-standard","5":"has-post-thumbnail","7":"category-rubriker","8":"tag-bank-of-england","9":"tag-breaking-news","10":"tag-breakingnews","11":"tag-centralbanker","12":"tag-donald-trump","13":"tag-featured-news","14":"tag-featurednews","15":"tag-federal-reserve","16":"tag-headlines","17":"tag-huvudnyheter","18":"tag-latest-news","19":"tag-latestnews","20":"tag-main-news","21":"tag-mainnews","22":"tag-makro","23":"tag-news","24":"tag-nyheter","25":"tag-rubriker","26":"tag-se","27":"tag-svenska","28":"tag-sverige","29":"tag-sweden","30":"tag-swedish","31":"tag-top-stories","32":"tag-topstories","33":"tag-usa"},"share_on_mastodon":{"url":"https:\/\/pubeurope.com\/@se\/115889795409113840","error":""},"_links":{"self":[{"href":"https:\/\/www.europesays.com\/se\/wp-json\/wp\/v2\/posts\/134851","targetHints":{"allow":["GET"]}}],"collection":[{"href":"https:\/\/www.europesays.com\/se\/wp-json\/wp\/v2\/posts"}],"about":[{"href":"https:\/\/www.europesays.com\/se\/wp-json\/wp\/v2\/types\/post"}],"author":[{"embeddable":true,"href":"https:\/\/www.europesays.com\/se\/wp-json\/wp\/v2\/users\/2"}],"replies":[{"embeddable":true,"href":"https:\/\/www.europesays.com\/se\/wp-json\/wp\/v2\/comments?post=134851"}],"version-history":[{"count":0,"href":"https:\/\/www.europesays.com\/se\/wp-json\/wp\/v2\/posts\/134851\/revisions"}],"wp:featuredmedia":[{"embeddable":true,"href":"https:\/\/www.europesays.com\/se\/wp-json\/wp\/v2\/media\/134852"}],"wp:attachment":[{"href":"https:\/\/www.europesays.com\/se\/wp-json\/wp\/v2\/media?parent=134851"}],"wp:term":[{"taxonomy":"category","embeddable":true,"href":"https:\/\/www.europesays.com\/se\/wp-json\/wp\/v2\/categories?post=134851"},{"taxonomy":"post_tag","embeddable":true,"href":"https:\/\/www.europesays.com\/se\/wp-json\/wp\/v2\/tags?post=134851"}],"curies":[{"name":"wp","href":"https:\/\/api.w.org\/{rel}","templated":true}]}}