{"id":134859,"date":"2026-01-13T21:03:19","date_gmt":"2026-01-13T21:03:19","guid":{"rendered":"https:\/\/www.europesays.com\/se\/134859\/"},"modified":"2026-01-13T21:03:19","modified_gmt":"2026-01-13T21:03:19","slug":"trump-overvager-att-utesluta-exxon-fran-venezuela","status":"publish","type":"post","link":"https:\/\/www.europesays.com\/se\/134859\/","title":{"rendered":"TRUMP \u00d6VERV\u00c4GER ATT UTESLUTA EXXON FR\u00c5N VENEZUELA"},"content":{"rendered":"<p class=\"font-sans text-base text-text-main dark:text-text-main-dark font-normal leading-[1.4]\">STOCKHOLM (Nyhetsbyr\u00e5n Direkt) USA:s president Donald Trump uppgav p\u00e5 s\u00f6ndagskv\u00e4llen att han lutar \u00e5t att utesluta oljej\u00e4tten Exxon Mobil fr\u00e5n sin satsning p\u00e5 att f\u00e5 amerikanska oljej\u00e4ttar att \u00e5teruppbygga Venezuelas oljeindustri. Han uppgav att han var missn\u00f6jd med f\u00f6retagets respons p\u00e5 hans initiativ.<\/p>\n<p class=\"font-sans text-base text-text-main dark:text-text-main-dark font-normal leading-[1.4]\">Det rapporterar Bloomberg News.<\/p>\n<p class=\"font-sans text-base text-text-main dark:text-text-main-dark font-normal leading-[1.4]\">\u201dJag \u00e4r nog ben\u00e4gen att h\u00e5lla Exxon utanf\u00f6r\u201d, sade den amerikanska presidenten till reportrar sent p\u00e5 s\u00f6ndagen ombord p\u00e5 presidentplanet, skriver nyhetsbyr\u00e5n.<\/p>\n<p class=\"font-sans text-base text-text-main dark:text-text-main-dark font-normal leading-[1.4]\">\u201dJag gillade inte deras svar. De f\u00f6rs\u00f6ker spela f\u00f6r smarta (playing too cute reds anm).\u201d<\/p>\n<p class=\"font-sans text-base text-text-main dark:text-text-main-dark font-normal leading-[1.4]\">Under fredagens m\u00f6te i Vita huset med n\u00e4stan 20 chefer fr\u00e5n oljeindustrin, uttryckte Exxons vd Darren Woods n\u00e5gra av de starkaste reservationerna och beskrev Venezuela som \u201doinvesterbart\u201d.<\/p>\n<p class=\"font-sans text-base text-text-main dark:text-text-main-dark font-normal leading-[1.4]\">\u201dOm vi ser till de juridiska och kommersiella konstruktioner och ramverk som finns i Venezuela i dag, s\u00e5 \u00e4r det oinvesterbart\u201d, sa Darren Woods under m\u00f6tet, enligt Bloomberg.<\/p>\n<p class=\"font-sans text-base text-text-main dark:text-text-main-dark font-normal leading-[1.4]\">Trots hans reservationer reservationer uppgav Exxon-vd:n att oljebolaget \u00e4r redo \u201datt s\u00e4tta ett team p\u00e5 plats\u201d om det kommer en inbjudan fr\u00e5n den venezuelanska regeringen och l\u00e4mpliga s\u00e4kerhetsgarantier ges.<\/p>\n<p class=\"font-sans text-base text-text-main dark:text-text-main-dark font-normal leading-[1.4]\">Exxon l\u00e4mnade Venezuela f\u00f6r gott efter att deras kvarvarande verksamhet nationaliserades under president Hugo Ch\u00e1vez, Maduros f\u00f6retr\u00e4dare, i mitten av 2000-talet.<\/p>\n<p class=\"font-sans text-base text-text-main dark:text-text-main-dark font-normal leading-[1.4]\">Att \u00e5teruppliva den venezuelanska oljeindustrin skulle enligt vissa uppskattningar kr\u00e4va omkring 100 miljarder dollar och ta ett decennium, skriver Bloomberg.<\/p>\n<p class=\"font-sans text-base text-text-main dark:text-text-main-dark font-normal leading-[1.4]\">Trots USA:s \u00e5tg\u00e4rder f\u00f6r att ta kontroll \u00f6ver venezuelansk oljeexport kvarst\u00e5r m\u00e5nga fr\u00e5gor runt hur investeringar p\u00e5 plats ska kunna garanteras \u00f6ver en s\u00e5 l\u00e5ng tidsperiod. Donald Trump uppgav dock att han gett oljebolagen garantier p\u00e5 att deras investeringar kommer var s\u00e4kra.<\/p>\n<p class=\"font-sans text-base text-text-main dark:text-text-main-dark font-normal leading-[1.4]\">Emanuel Furuholm +46 8 5191 7925<\/p>\n<p class=\"font-sans text-base text-text-main dark:text-text-main-dark font-normal leading-[1.4]\">Nyhetsbyr\u00e5n Direkt<\/p>\n","protected":false},"excerpt":{"rendered":"STOCKHOLM (Nyhetsbyr\u00e5n Direkt) USA:s president Donald Trump uppgav p\u00e5 s\u00f6ndagskv\u00e4llen att han lutar \u00e5t att utesluta oljej\u00e4tten Exxon&hellip;\n","protected":false},"author":2,"featured_media":119816,"comment_status":"","ping_status":"","sticky":false,"template":"","format":"standard","meta":{"footnotes":""},"categories":[14],"tags":[22,23,26,27,17,21,24,25,28,29,15,16,18,34,31,33,32,30,19,20,51,52,53,54],"class_list":{"0":"post-134859","1":"post","2":"type-post","3":"status-publish","4":"format-standard","5":"has-post-thumbnail","7":"category-varlden","8":"tag-breaking-news","9":"tag-breakingnews","10":"tag-featured-news","11":"tag-featurednews","12":"tag-headlines","13":"tag-huvudnyheter","14":"tag-latest-news","15":"tag-latestnews","16":"tag-main-news","17":"tag-mainnews","18":"tag-news","19":"tag-nyheter","20":"tag-rubriker","21":"tag-se","22":"tag-svenska","23":"tag-sverige","24":"tag-sweden","25":"tag-swedish","26":"tag-top-stories","27":"tag-topstories","28":"tag-varlden","29":"tag-world","30":"tag-world-news","31":"tag-worldnews"},"share_on_mastodon":{"url":"https:\/\/pubeurope.com\/@se\/115889819011604309","error":""},"_links":{"self":[{"href":"https:\/\/www.europesays.com\/se\/wp-json\/wp\/v2\/posts\/134859","targetHints":{"allow":["GET"]}}],"collection":[{"href":"https:\/\/www.europesays.com\/se\/wp-json\/wp\/v2\/posts"}],"about":[{"href":"https:\/\/www.europesays.com\/se\/wp-json\/wp\/v2\/types\/post"}],"author":[{"embeddable":true,"href":"https:\/\/www.europesays.com\/se\/wp-json\/wp\/v2\/users\/2"}],"replies":[{"embeddable":true,"href":"https:\/\/www.europesays.com\/se\/wp-json\/wp\/v2\/comments?post=134859"}],"version-history":[{"count":0,"href":"https:\/\/www.europesays.com\/se\/wp-json\/wp\/v2\/posts\/134859\/revisions"}],"wp:featuredmedia":[{"embeddable":true,"href":"https:\/\/www.europesays.com\/se\/wp-json\/wp\/v2\/media\/119816"}],"wp:attachment":[{"href":"https:\/\/www.europesays.com\/se\/wp-json\/wp\/v2\/media?parent=134859"}],"wp:term":[{"taxonomy":"category","embeddable":true,"href":"https:\/\/www.europesays.com\/se\/wp-json\/wp\/v2\/categories?post=134859"},{"taxonomy":"post_tag","embeddable":true,"href":"https:\/\/www.europesays.com\/se\/wp-json\/wp\/v2\/tags?post=134859"}],"curies":[{"name":"wp","href":"https:\/\/api.w.org\/{rel}","templated":true}]}}