{"id":134878,"date":"2026-01-13T21:31:09","date_gmt":"2026-01-13T21:31:09","guid":{"rendered":"https:\/\/www.europesays.com\/se\/134878\/"},"modified":"2026-01-13T21:31:09","modified_gmt":"2026-01-13T21:31:09","slug":"uppgifter-aik-lanar-melvin-fernstrom-fran-orebro","status":"publish","type":"post","link":"https:\/\/www.europesays.com\/se\/134878\/","title":{"rendered":"Uppgifter: AIK l\u00e5nar Melvin Fernstr\u00f6m fr\u00e5n \u00d6rebro"},"content":{"rendered":"<p><strong><a href=\"https:\/\/hockeysverige.se\/klubb\/aik-hockey\" rel=\"nofollow noopener\" target=\"_blank\">AIK<\/a> ser ut att agera efter skadan p\u00e5 Christopher Bengtsson. <br \/>Enligt <a href=\"https:\/\/www.expressen.se\/sport\/hockey\/shl\/aik-lanar-melvin-fernstrom-fran-orebro\/\" rel=\"nofollow noopener\" target=\"_blank\">Expressen<\/a> l\u00e5nar klubben in <a href=\"https:\/\/hockeysverige.se\/spelare\/melvin-fernstrom\" rel=\"nofollow noopener\" target=\"_blank\">Melvin Fernstr\u00f6m<\/a> fr\u00e5n \u00d6rebro. <\/strong><\/p>\n<p><img loading=\"lazy\" decoding=\"async\" width=\"1024\" height=\"658\" src=\"https:\/\/www.europesays.com\/se\/wp-content\/uploads\/2026\/01\/Melvin-Fernstrom-1024x658.webp.webp\" alt=\"Melvin Fernstr\u00f6m.\" class=\"wp-image-345126\"  \/>Melvin Fernstr\u00f6m ser ut att bli utl\u00e5nad fr\u00e5n \u00d6rebro till AIK.<strong> Foto:<\/strong> Kenta J\u00f6nsson\/Bildbyr\u00e5n<\/p>\n<p><a href=\"https:\/\/hockeysverige.se\/hockeyallsvenskan\/aiks-small-blir-borta-i-flera-manader\/\" rel=\"nofollow noopener\" target=\"_blank\">Tidigare i dag gick AIK ut med tunga nyheter<\/a> g\u00e4llande nyckelspelaren <a href=\"https:\/\/hockeysverige.se\/spelare\/christopher-bengtsson\" rel=\"nofollow noopener\" target=\"_blank\">Christopher Bengtsson<\/a>. Forwarden utgick skadad i 0-6-f\u00f6rlusten hemma mot BIK Karlskoga i fredags och nu blir han borta en l\u00e4ngre tid. AIK meddelade n\u00e4mligen under tisdagen att Bengtsson v\u00e4ntas bli borta i tio till tolv veckor och ser d\u00e4rmed ut att missa resten av grundserien. <\/p>\n<p>Nu uppges AIK agera efter det tuffa skadebeskedet. <\/p>\n<p>Enligt Expressen har AIK n\u00e4mligen gjort klart med ett l\u00e5n fr\u00e5n <a href=\"https:\/\/hockeysverige.se\/shl\" rel=\"nofollow noopener\" target=\"_blank\">SHL<\/a> f\u00f6r att ers\u00e4tta Bengtsson. Det handlar om Melvin Fernstr\u00f6m fr\u00e5n <a href=\"https:\/\/hockeysverige.se\/klubb\/orebro-hockey\" rel=\"nofollow noopener\" target=\"_blank\">\u00d6rebro<\/a> som v\u00e4ntas ansluta till \u201dGnaget\u201d. Tidningen uppger att l\u00e5net g\u00e4ller tills vidare och att Fernstr\u00f6m skulle kunna debutera f\u00f6r AIK redan under onsdagens match mot MoDo under onsdagen. <\/p>\n<p>Nobbades till JVM-truppen<\/p>\n<p>19-\u00e5rige Melvin Fernstr\u00f6m gjorde succ\u00e9 i SHL med \u00d6rebro f\u00f6rra s\u00e4songen. Efter att ha gjort \u00e5tta m\u00e5l och 17 po\u00e4ng p\u00e5 48 matcher prisades Fernstr\u00f6m som \u201d\u00e5rets rookie\u201d i SHL. Den h\u00e4r s\u00e4songen har det d\u00e4remot g\u00e5tt tr\u00f6gt f\u00f6r talangen. Fernstr\u00f6m har f\u00e5tt en mindre roll i \u00d6rebro och produktionen har d\u00e4rf\u00f6r blivit lidande. P\u00e5 34 matcher har han endast noterats f\u00f6r 3+1 och forwarden har \u00e4ven blivit b\u00e4nkad i ett par matcher. I december l\u00e4mnades Melvin Fernstr\u00f6m d\u00e4rf\u00f6r ocks\u00e5 utanf\u00f6r <a href=\"https:\/\/hockeysverige.se\/junior-vm\" rel=\"nofollow noopener\" target=\"_blank\">JVM<\/a>-truppen och fick i st\u00e4llet stanna hemma medan Juniokronorna gjorde succ\u00e9 och vann JVM-guld i Minnesota. <\/p>\n<p>Nu ser Melvin Fernstr\u00f6m allts\u00e5 ut att bli utl\u00e5nad till <a href=\"https:\/\/hockeysverige.se\/hockeyallsvenskan\" rel=\"nofollow noopener\" target=\"_blank\">HockeyAllsvenskan<\/a> f\u00f6r att f\u00e5 mer speltid igen. <\/p>\n<p> Source: <a href=\"https:\/\/www.eliteprospects.com\/player\/619006\/melvin-fernstrom\" target=\"_blank\" rel=\"noopener noreferrer nofollow\">Melvin Fernstr\u00f6m<\/a> @ Elite Prospects<\/p>\n","protected":false},"excerpt":{"rendered":"AIK ser ut att agera efter skadan p\u00e5 Christopher Bengtsson. Enligt Expressen l\u00e5nar klubben in Melvin Fernstr\u00f6m fr\u00e5n&hellip;\n","protected":false},"author":2,"featured_media":134879,"comment_status":"","ping_status":"","sticky":false,"template":"","format":"standard","meta":{"footnotes":""},"categories":[68],"tags":[621,34,133,134,111,110,31,33,32,30],"class_list":{"0":"post-134878","1":"post","2":"type-post","3":"status-publish","4":"format-standard","5":"has-post-thumbnail","7":"category-sport","8":"tag-hockeyallsvenskan","9":"tag-se","10":"tag-second-news","11":"tag-shl","12":"tag-sport","13":"tag-sports","14":"tag-svenska","15":"tag-sverige","16":"tag-sweden","17":"tag-swedish"},"share_on_mastodon":{"url":"https:\/\/pubeurope.com\/@se\/115889929132818616","error":""},"_links":{"self":[{"href":"https:\/\/www.europesays.com\/se\/wp-json\/wp\/v2\/posts\/134878","targetHints":{"allow":["GET"]}}],"collection":[{"href":"https:\/\/www.europesays.com\/se\/wp-json\/wp\/v2\/posts"}],"about":[{"href":"https:\/\/www.europesays.com\/se\/wp-json\/wp\/v2\/types\/post"}],"author":[{"embeddable":true,"href":"https:\/\/www.europesays.com\/se\/wp-json\/wp\/v2\/users\/2"}],"replies":[{"embeddable":true,"href":"https:\/\/www.europesays.com\/se\/wp-json\/wp\/v2\/comments?post=134878"}],"version-history":[{"count":0,"href":"https:\/\/www.europesays.com\/se\/wp-json\/wp\/v2\/posts\/134878\/revisions"}],"wp:featuredmedia":[{"embeddable":true,"href":"https:\/\/www.europesays.com\/se\/wp-json\/wp\/v2\/media\/134879"}],"wp:attachment":[{"href":"https:\/\/www.europesays.com\/se\/wp-json\/wp\/v2\/media?parent=134878"}],"wp:term":[{"taxonomy":"category","embeddable":true,"href":"https:\/\/www.europesays.com\/se\/wp-json\/wp\/v2\/categories?post=134878"},{"taxonomy":"post_tag","embeddable":true,"href":"https:\/\/www.europesays.com\/se\/wp-json\/wp\/v2\/tags?post=134878"}],"curies":[{"name":"wp","href":"https:\/\/api.w.org\/{rel}","templated":true}]}}