{"id":134889,"date":"2026-01-13T21:44:07","date_gmt":"2026-01-13T21:44:07","guid":{"rendered":"https:\/\/www.europesays.com\/se\/134889\/"},"modified":"2026-01-13T21:44:07","modified_gmt":"2026-01-13T21:44:07","slug":"kvallens-nyheter-en-vardas-pa-intensiven-efter-frontalkrock-efterlangtad-direktinfart-pa-gang-lerins-gava-till-klubben","status":"publish","type":"post","link":"https:\/\/www.europesays.com\/se\/134889\/","title":{"rendered":"KV\u00c4LLENS NYHETER: En v\u00e5rdas p\u00e5 intensiven efter frontalkrock \u2022 Efterl\u00e4ngtad direktinfart p\u00e5 g\u00e5ng \u2022 Lerins g\u00e5va till klubben"},"content":{"rendered":"<p class=\"mb-4 mx-auto max-w-xl\"><strong>Vill du f\u00e5 en snabb uppdatering p\u00e5 nyhetsl\u00e4get i V\u00e4rmland? H\u00e4r \u00e4r kv\u00e4llens nyheter.<\/strong><\/p>\n<p class=\"break-words mb-4 mx-auto max-w-xl\">Tv\u00e5 lastbilar frontalkrockade under tisdagen. Skadel\u00e4get f\u00f6r de b\u00e5da f\u00f6rarna beskrivs som allvarligt och \u00e5tminstone en v\u00e5rdas p\u00e5 intensivv\u00e5rdsavdelning.<\/p>\n<p><a class=\"in-article-link mb-4 mx-auto max-w-xl text-gray-900 hover:text-gray-900\/70 dark:text-gray-50 dark:hover:text-gray-50\/70\" href=\"https:\/\/www.nwt.se\/2026\/01\/13\/lastbilar-i-frontalkrock-bada-forarna-till-sjukhus-84026\/\" rel=\"nofollow noopener\" target=\"_blank\">Lastbilar i frontalkrock \u2013 b\u00e5da f\u00f6rarna till sjukhus<\/a><\/p>\n<p class=\"break-words mb-4 mx-auto max-w-xl\">Kommunen planerar att bygga en direktinfart fr\u00e5n Karl IX:s gata till Fanfaren, vilket har efterfr\u00e5gats av b\u00e5de verksamheter och bes\u00f6kare.<\/p>\n<p><a class=\"in-article-link mb-4 mx-auto max-w-xl text-gray-900 hover:text-gray-900\/70 dark:text-gray-50 dark:hover:text-gray-50\/70\" href=\"https:\/\/www.nwt.se\/2026\/01\/13\/ica-handlaren-jublar-over-att-direktinfarten-till-fanfaren-snart-borjar-byggas-67066\/\" rel=\"nofollow noopener\" target=\"_blank\">Ica-handlaren jublar \u00f6ver att direktinfarten till Fanfaren snart b\u00f6rjar byggas<\/a><\/p>\n<p class=\"break-words mb-4 mx-auto max-w-xl\">F\u00f6r tredje \u00e5ret i rad sk\u00e4nker Lars Lerin en tavla till Skoghalls IBK.<\/p>\n<p><a class=\"in-article-link mb-4 mx-auto max-w-xl text-gray-900 hover:text-gray-900\/70 dark:text-gray-50 dark:hover:text-gray-50\/70\" href=\"https:\/\/www.nwt.se\/2026\/01\/13\/klubbens-gava-fran-lars-lerin-fantastiskt-fint-gjort-a7ebf\/\" rel=\"nofollow noopener\" target=\"_blank\">Klubbens g\u00e5va \u2013 fr\u00e5n Lars Lerin: \u201dFantastiskt fint gjort\u201d<\/a><\/p>\n","protected":false},"excerpt":{"rendered":"Vill du f\u00e5 en snabb uppdatering p\u00e5 nyhetsl\u00e4get i V\u00e4rmland? H\u00e4r \u00e4r kv\u00e4llens nyheter. Tv\u00e5 lastbilar frontalkrockade under&hellip;\n","protected":false},"author":2,"featured_media":134890,"comment_status":"","ping_status":"","sticky":false,"template":"","format":"standard","meta":{"footnotes":""},"categories":[12],"tags":[22,23,26,27,17,21,24,25,28,29,15,16,18,34,31,33,32,30,19,20],"class_list":{"0":"post-134889","1":"post","2":"type-post","3":"status-publish","4":"format-standard","5":"has-post-thumbnail","7":"category-sverige","8":"tag-breaking-news","9":"tag-breakingnews","10":"tag-featured-news","11":"tag-featurednews","12":"tag-headlines","13":"tag-huvudnyheter","14":"tag-latest-news","15":"tag-latestnews","16":"tag-main-news","17":"tag-mainnews","18":"tag-news","19":"tag-nyheter","20":"tag-rubriker","21":"tag-se","22":"tag-svenska","23":"tag-sverige","24":"tag-sweden","25":"tag-swedish","26":"tag-top-stories","27":"tag-topstories"},"share_on_mastodon":{"url":"https:\/\/pubeurope.com\/@se\/115889980237343686","error":""},"_links":{"self":[{"href":"https:\/\/www.europesays.com\/se\/wp-json\/wp\/v2\/posts\/134889","targetHints":{"allow":["GET"]}}],"collection":[{"href":"https:\/\/www.europesays.com\/se\/wp-json\/wp\/v2\/posts"}],"about":[{"href":"https:\/\/www.europesays.com\/se\/wp-json\/wp\/v2\/types\/post"}],"author":[{"embeddable":true,"href":"https:\/\/www.europesays.com\/se\/wp-json\/wp\/v2\/users\/2"}],"replies":[{"embeddable":true,"href":"https:\/\/www.europesays.com\/se\/wp-json\/wp\/v2\/comments?post=134889"}],"version-history":[{"count":0,"href":"https:\/\/www.europesays.com\/se\/wp-json\/wp\/v2\/posts\/134889\/revisions"}],"wp:featuredmedia":[{"embeddable":true,"href":"https:\/\/www.europesays.com\/se\/wp-json\/wp\/v2\/media\/134890"}],"wp:attachment":[{"href":"https:\/\/www.europesays.com\/se\/wp-json\/wp\/v2\/media?parent=134889"}],"wp:term":[{"taxonomy":"category","embeddable":true,"href":"https:\/\/www.europesays.com\/se\/wp-json\/wp\/v2\/categories?post=134889"},{"taxonomy":"post_tag","embeddable":true,"href":"https:\/\/www.europesays.com\/se\/wp-json\/wp\/v2\/tags?post=134889"}],"curies":[{"name":"wp","href":"https:\/\/api.w.org\/{rel}","templated":true}]}}