{"id":134905,"date":"2026-01-13T22:01:08","date_gmt":"2026-01-13T22:01:08","guid":{"rendered":"https:\/\/www.europesays.com\/se\/134905\/"},"modified":"2026-01-13T22:01:08","modified_gmt":"2026-01-13T22:01:08","slug":"max-westergard-lanas-ut-till-bjorkloven","status":"publish","type":"post","link":"https:\/\/www.europesays.com\/se\/134905\/","title":{"rendered":"Max Westerg\u00e5rd l\u00e5nas ut till Bj\u00f6rkl\u00f6ven"},"content":{"rendered":"<p><a data-test-tag=\"internal-link\" href=\"https:\/\/www.aftonbladet.se\/av\/jonathan-nilsson\" class=\"hyperion-css-13ns1rr\" rel=\"nofollow noopener\" target=\"\" aria-label=\"Se alla artiklar av Jonathan Knekta\"><img decoding=\"async\" class=\"image-asset hyperion-css-n6kkq1\" data-test-tag=\"image-asset\" src=\"https:\/\/www.europesays.com\/se\/wp-content\/uploads\/2026\/01\/1768341668_479_0fe4a4f9-ff14-4ac8-9abc-4e04bf7ba698.png\"  alt=\"\"  loading=\"lazy\" fetchpriority=\"auto\" style=\"aspect-ratio:1900 \/ 1900\"\/><\/a><\/p>\n<p class=\"boxtextgrotesk-root_baa6 hyperion-css-1w346fg\">Uppdaterad 22.33 | Publicerad 21.39<\/p>\n<p>share-arrowDela<\/p>\n<p>unsaveSpara<\/p>\n<p>Lyssna p\u00e5 artikelnLyssna p\u00e5&#8230;<\/p>\n<p class=\"hyperion-css-1shl3oz\" data-test-tag=\"lead-text\">Bj\u00f6rkl\u00f6ven f\u00f6rst\u00e4rker.<\/p>\n<p class=\"hyperion-css-1shl3oz\" data-test-tag=\"lead-text\">Klubben l\u00e5nar in Fr\u00f6lundas JVM-forward Max Westerg\u00e5rd, 18, enligt Sportbladets uppgifter.<\/p>\n<p>expand-left<\/p>\n<p>helsk\u00e4rm<img decoding=\"async\" class=\"image-asset hyperion-css-u06ts1\" data-test-tag=\"image-asset\" src=\"https:\/\/www.europesays.com\/se\/wp-content\/uploads\/2026\/01\/27443c71-a2f1-42d5-97e7-d969d51452a9.jpeg\"  alt=\"Max Westerg\u00e5rd.\"  loading=\"eager\" fetchpriority=\"high\" style=\"aspect-ratio:1900 \/ 1267\"\/>Max Westerg\u00e5rd. Foto: Michael Erichsen \/ Bildbyr\u00e5n<\/p>\n<p class=\"hyperion-css-1v9qo5x\">Den finl\u00e4ndske forwarden \u00e4r spelklar redan i Bj\u00f6rkl\u00f6vens hemmamatch mot tabelltv\u00e5an Kalmar p\u00e5 onsdag i hockeyallsvenskan.<\/p>\n<p class=\"hyperion-css-1v9qo5x\">L\u00e5net g\u00e4ller s\u00e4songen ut, men Fr\u00f6lunda har r\u00e4tt att kalla tillbaka honom om n\u00e5got h\u00e4nder, erfar Sportbladet.<\/p>\n<p>Extraforward i CHL<\/p>\n<p class=\"hyperion-css-1v9qo5x\">Max Westerg\u00e5rd var extraforward i Fr\u00f6lundas <a data-test-tag=\"internal-link\" href=\"https:\/\/www.aftonbladet.se\/sportbladet\/hockey\/a\/vrAwL4\/ivar-stenberg-blev-hjalte-for-frolunda-i-chl-mot-brynas\" class=\"hyperion-css-15jkft9\" rel=\"nofollow noopener\" target=\"\" aria-label=\"CHL-seger borta mot Bryn\u00e4s\" theme=\"sportbladet\">CHL-seger borta mot Bryn\u00e4s<\/a> under tisdagskv\u00e4llen.<\/p>\n<p class=\"hyperion-css-1v9qo5x\">18-\u00e5ringen fick sitt genombrott p\u00e5 seniorniv\u00e5 i fjol\u00e5rets SM-slutspel. Den h\u00e4r s\u00e4songen har han spelat 15 SHL-matcher, men \u00e4nnu inte noterats f\u00f6r n\u00e5gon po\u00e4ng f\u00f6r serieledaren.<\/p>\n<p>Spelade JVM<\/p>\n<p class=\"hyperion-css-1v9qo5x\">I J20-laget har det blivit 21 po\u00e4ng p\u00e5 12 matcher och Westerg\u00e5rd noterades f\u00f6r fyra po\u00e4ng p\u00e5 sju matcher f\u00f6r Finland i JVM nyligen.<\/p>\n<p class=\"hyperion-css-1v9qo5x\">Han g\u00e5r fr\u00e5n en serieledare till en annan, d\u00e5 Bj\u00f6rkl\u00f6ven toppar hockeyallsvenskan. Ume\u00e5laget valde nyligen att inte f\u00f6rl\u00e4nga korttidskontraktet med forwarden Sebastian W\u00e4nnstr\u00f6m, 34.<\/p>\n<p class=\"hyperion-css-1v9qo5x\">Toppm\u00f6tet med Kalmar har nedsl\u00e4pp 19.00.<\/p>\n<p class=\"hyperion-css-1v9qo5x\">arrow <strong><a aria-label=\"TIPPA SHL-PROFETEN: \" class=\"sportbladet hyperion-css-15jkft9\" href=\"https:\/\/malservice.aftonbladet.se\/profeten\/season\/70\/matcher\" rel=\"noopener noreferrer nofollow\" data-test-tag=\"external-link\" target=\"_blank\">TIPPA SHL-PROFETEN: <\/a><\/strong><strong><a aria-label=\"Hur g\u00e5r det i SHL-matcherna? Tippa och utmana v\u00e4nner \" class=\"sportbladet hyperion-css-15jkft9\" href=\"https:\/\/malservice.aftonbladet.se\/profeten\/season\/70\/matcher\" rel=\"noopener noreferrer nofollow\" data-test-tag=\"external-link\" target=\"_blank\">Hur g\u00e5r det i SHL-matcherna? Tippa och utmana v\u00e4nner <\/a><\/strong>check<strong><a aria-label=\" Januari-t\u00e4vlingen \u00e4r \u00f6ppen!\" class=\"sportbladet hyperion-css-15jkft9\" href=\"https:\/\/malservice.aftonbladet.se\/profeten\/season\/70\/matcher\" rel=\"noopener noreferrer nofollow\" data-test-tag=\"external-link\" target=\"_blank\"> Januari-t\u00e4vlingen \u00e4r \u00f6ppen!<\/a><\/strong><\/p>\n<p class=\"hyperion-css-1v9qo5x\">Annons<br \/><strong><a aria-label=\"Streama hela SHL-s\u00e4songen p\u00e5 TV4 Play\" class=\"sportbladet hyperion-css-15jkft9\" href=\"https:\/\/www.tv4play.se\/kampanj\/sportbladet?utm_source=salj&amp;utm_medium=paid&amp;utm_campaign=artikel_2025\" rel=\"noopener nofollow noreferrer\" data-test-tag=\"external-link\" target=\"_blank\">Streama hela SHL-s\u00e4songen p\u00e5 TV4 Play<\/a><\/strong><\/p>\n","protected":false},"excerpt":{"rendered":"Uppdaterad 22.33 | Publicerad 21.39 share-arrowDela unsaveSpara Lyssna p\u00e5 artikelnLyssna p\u00e5&#8230; Bj\u00f6rkl\u00f6ven f\u00f6rst\u00e4rker. Klubben l\u00e5nar in Fr\u00f6lundas JVM-forward&hellip;\n","protected":false},"author":2,"featured_media":134906,"comment_status":"","ping_status":"","sticky":false,"template":"","format":"standard","meta":{"footnotes":""},"categories":[5],"tags":[22,23,26,27,17,21,24,25,28,29,15,16,18,34,31,33,32,30,19,20],"class_list":{"0":"post-134905","1":"post","2":"type-post","3":"status-publish","4":"format-standard","5":"has-post-thumbnail","7":"category-rubriker","8":"tag-breaking-news","9":"tag-breakingnews","10":"tag-featured-news","11":"tag-featurednews","12":"tag-headlines","13":"tag-huvudnyheter","14":"tag-latest-news","15":"tag-latestnews","16":"tag-main-news","17":"tag-mainnews","18":"tag-news","19":"tag-nyheter","20":"tag-rubriker","21":"tag-se","22":"tag-svenska","23":"tag-sverige","24":"tag-sweden","25":"tag-swedish","26":"tag-top-stories","27":"tag-topstories"},"share_on_mastodon":{"url":"https:\/\/pubeurope.com\/@se\/115890047109790653","error":""},"_links":{"self":[{"href":"https:\/\/www.europesays.com\/se\/wp-json\/wp\/v2\/posts\/134905","targetHints":{"allow":["GET"]}}],"collection":[{"href":"https:\/\/www.europesays.com\/se\/wp-json\/wp\/v2\/posts"}],"about":[{"href":"https:\/\/www.europesays.com\/se\/wp-json\/wp\/v2\/types\/post"}],"author":[{"embeddable":true,"href":"https:\/\/www.europesays.com\/se\/wp-json\/wp\/v2\/users\/2"}],"replies":[{"embeddable":true,"href":"https:\/\/www.europesays.com\/se\/wp-json\/wp\/v2\/comments?post=134905"}],"version-history":[{"count":0,"href":"https:\/\/www.europesays.com\/se\/wp-json\/wp\/v2\/posts\/134905\/revisions"}],"wp:featuredmedia":[{"embeddable":true,"href":"https:\/\/www.europesays.com\/se\/wp-json\/wp\/v2\/media\/134906"}],"wp:attachment":[{"href":"https:\/\/www.europesays.com\/se\/wp-json\/wp\/v2\/media?parent=134905"}],"wp:term":[{"taxonomy":"category","embeddable":true,"href":"https:\/\/www.europesays.com\/se\/wp-json\/wp\/v2\/categories?post=134905"},{"taxonomy":"post_tag","embeddable":true,"href":"https:\/\/www.europesays.com\/se\/wp-json\/wp\/v2\/tags?post=134905"}],"curies":[{"name":"wp","href":"https:\/\/api.w.org\/{rel}","templated":true}]}}