{"id":134907,"date":"2026-01-13T22:03:08","date_gmt":"2026-01-13T22:03:08","guid":{"rendered":"https:\/\/www.europesays.com\/se\/134907\/"},"modified":"2026-01-13T22:03:08","modified_gmt":"2026-01-13T22:03:08","slug":"michael-carrick-leder-united-resten-av-sasongen","status":"publish","type":"post","link":"https:\/\/www.europesays.com\/se\/134907\/","title":{"rendered":"Michael Carrick leder United resten av s\u00e4songen"},"content":{"rendered":"<p>Michael Carrick tar tillf\u00e4lligt \u00f6ver tr\u00e4narrollen i Manchester United och kommer att leda den krisande klubben s\u00e4songen ut, d\u00e5 en l\u00e5ngsiktig ers\u00e4ttare v\u00e4ntas ta \u00f6ver. <\/p>\n<p>\u2013 Jag vet vad som kr\u00e4vs f\u00f6r att lyckas h\u00e4r. Mitt fokus ligger p\u00e5 att hj\u00e4lpa spelarna att n\u00e5 de h\u00f6ga kraven som finns h\u00e4r, vilket vi vet att de \u00e4r mer \u00e4n kapabla till, s\u00e4ger den tidigare United-spelaren i ett uttalande p\u00e5 klubbens hemsida. <\/p>\n<p>Carrick var en del av Ole-Gunnar Solskjaers tr\u00e4narstab n\u00e4r norrmannen ledde klubben mellan 2018 och 2021. Solskjaer tros ha varit en av kandidaterna att bli interimtr\u00e4nare. <\/p>\n<p>Omni \u00e4r politiskt obundna och oberoende. Vi str\u00e4var efter att ge fler perspektiv p\u00e5 nyheterna. Har du fr\u00e5gor eller synpunkter kring v\u00e5r rapportering? <a href=\"https:\/\/omni.se\/michael-carrick-leder-united-resten-av-sasongen\/a\/mailto:redaktion@omni.se\" class=\"ArticleActions_contactLink__W2F1M\" rel=\"nofollow noopener\" target=\"_blank\">Kontakta redaktionen<\/a><\/p>\n","protected":false},"excerpt":{"rendered":"Michael Carrick tar tillf\u00e4lligt \u00f6ver tr\u00e4narrollen i Manchester United och kommer att leda den krisande klubben s\u00e4songen ut,&hellip;\n","protected":false},"author":2,"featured_media":134908,"comment_status":"","ping_status":"","sticky":false,"template":"","format":"standard","meta":{"footnotes":""},"categories":[68],"tags":[138,926,13653,34,111,110,31,33,32,30],"class_list":{"0":"post-134907","1":"post","2":"type-post","3":"status-publish","4":"format-standard","5":"has-post-thumbnail","7":"category-sport","8":"tag-fotboll","9":"tag-manchester-united","10":"tag-michael-carrick","11":"tag-se","12":"tag-sport","13":"tag-sports","14":"tag-svenska","15":"tag-sverige","16":"tag-sweden","17":"tag-swedish"},"share_on_mastodon":{"url":"https:\/\/pubeurope.com\/@se\/115890055197410964","error":""},"_links":{"self":[{"href":"https:\/\/www.europesays.com\/se\/wp-json\/wp\/v2\/posts\/134907","targetHints":{"allow":["GET"]}}],"collection":[{"href":"https:\/\/www.europesays.com\/se\/wp-json\/wp\/v2\/posts"}],"about":[{"href":"https:\/\/www.europesays.com\/se\/wp-json\/wp\/v2\/types\/post"}],"author":[{"embeddable":true,"href":"https:\/\/www.europesays.com\/se\/wp-json\/wp\/v2\/users\/2"}],"replies":[{"embeddable":true,"href":"https:\/\/www.europesays.com\/se\/wp-json\/wp\/v2\/comments?post=134907"}],"version-history":[{"count":0,"href":"https:\/\/www.europesays.com\/se\/wp-json\/wp\/v2\/posts\/134907\/revisions"}],"wp:featuredmedia":[{"embeddable":true,"href":"https:\/\/www.europesays.com\/se\/wp-json\/wp\/v2\/media\/134908"}],"wp:attachment":[{"href":"https:\/\/www.europesays.com\/se\/wp-json\/wp\/v2\/media?parent=134907"}],"wp:term":[{"taxonomy":"category","embeddable":true,"href":"https:\/\/www.europesays.com\/se\/wp-json\/wp\/v2\/categories?post=134907"},{"taxonomy":"post_tag","embeddable":true,"href":"https:\/\/www.europesays.com\/se\/wp-json\/wp\/v2\/tags?post=134907"}],"curies":[{"name":"wp","href":"https:\/\/api.w.org\/{rel}","templated":true}]}}