{"id":134911,"date":"2026-01-13T22:08:15","date_gmt":"2026-01-13T22:08:15","guid":{"rendered":"https:\/\/www.europesays.com\/se\/134911\/"},"modified":"2026-01-13T22:08:15","modified_gmt":"2026-01-13T22:08:15","slug":"uppgifter-sd-ledamotens-misstankta-kokain-hittades-i-liten-handvaska-etc-se","status":"publish","type":"post","link":"https:\/\/www.europesays.com\/se\/134911\/","title":{"rendered":"Uppgifter: SD-ledamotens misst\u00e4nkta kokain hittades i \u201dliten handv\u00e4ska\u201d &#8211; ETC.se"},"content":{"rendered":"<ol>\n<li><a href=\"https:\/\/news.google.com\/rss\/articles\/CBMingFBVV95cUxQb1k2NVI4VFV1cnhtN2xQRWV6dWZfNkpJUzlIQlNyZ3F2R1NKRnNzRTRtRXBIcDlMeF9CREY1Y29wZmdOZjRDSWl2QVhfWGpqVEdsMUJBLVItTFNfZWEtMk1XdXZBb3lZNWtxNHRWV204cHROdTdDbWNTbm9OQjFJREJrVmhJcXgyMXZKcndLMWlMa0YweG5ycFBwYTl3Zw?oc=5\" target=\"_blank\" rel=\"nofollow noopener\">Uppgifter: SD-ledamotens misst\u00e4nkta kokain hittades i \u201dliten handv\u00e4ska\u201d<\/a>&nbsp;&nbsp;ETC.se<\/li>\n<li><a href=\"https:\/\/news.google.com\/rss\/articles\/CBMiqgFBVV95cUxNR1hxdkVjRDZlMmpNSHlicDVfdUFTM1UtTWFvUXJWdjR1Q05SN1dyekI4Vm9fLW5UbWhQRDVYOXo0cGlZSUdteWlSc0Fib1ZsMjRtYXA1UGE3ZnE4TnVlYTJYUG51T0tmZ2F6T1dITzhzc0lwamFVZERvSW1RMDJZT0Q5N3k1bmwwR1lVRjE5dDdsZFFGVkpTcWhqVWhvY0dPTk51YnhSb0pOQQ?oc=5\" target=\"_blank\" rel=\"nofollow noopener\">Kritiken: \u201dLustigt att uttala sig utan insyn\u201d<\/a>&nbsp;&nbsp;SvD<\/li>\n<li><a href=\"https:\/\/news.google.com\/rss\/articles\/CBMinAFBVV95cUxOUXA4VDhfeWZPdnV5R2ZhR0VmdVY5MGpISlRWRV9xM2UzR3JJSXpWSUFzZnF5ei01TEl0QnBUZ3kyOFowMDFQVGYzaUVRNUJCRlhRZ2NTS2t5WUpYT2hkSXgyY04yc2ZEZ1ZEVWVnQlVzY1g2ZTBQYjhXb0Z6UHg3TWlab1Vvb2k0dks5T2xRM1VwNkdHRGZBLUFoXzU?oc=5\" target=\"_blank\" rel=\"nofollow noopener\">\u00c5klagaren g\u00e5r emot Nybergs version: Har tagits en p\u00e5se i beslag<\/a>&nbsp;&nbsp;SVT Nyheter<\/li>\n<li><a href=\"https:\/\/news.google.com\/rss\/articles\/CBMinwFBVV95cUxNcFoyS1ZRbnluWU5kVGpjM0VLSURWT3ljZG9xMjRHcmJZbS1IbUNPdUNLSE1WbEhFN2tMbFBjRk5mSDJINVpBWlU5bW0zWHQ4ZWlCMk9ZTjJ1WEYwNXFxNklpQVlFZ1BaX2t0eDVWZ2kxa0RIcFZwUG1tZWxoWmNGY3MzMTZkc25HLWFwMWdZalVwX21ZS0lvMThXQ280Rmc?oc=5\" target=\"_blank\" rel=\"nofollow noopener\">Polisen hittade SD-toppens p\u00e5se med pulver i handv\u00e4ska<\/a>&nbsp;&nbsp;Expressen<\/li>\n<li><a href=\"https:\/\/news.google.com\/rss\/articles\/CBMigAFBVV95cUxNbTlhWmVnaUxvUjhpWTRFbkJCckdRWDFtZGhDaGFCT28xaWh3V2dEZTl4SVRWQzVCZU9KTG1uMlVuN19LbHlUM3N0ZW9iaEJOb0I0bmpQb3BpN2lNVmNEcFROLUNDZll6VFB5YXJIdGkwTFcwMjZMeGV4Y1AyYjhZcA?oc=5\" target=\"_blank\" rel=\"nofollow noopener\">SD-kvinna misst\u00e4nkt f\u00f6r rattfylla och narkotikabrott<\/a>&nbsp;&nbsp;Aftonbladet<\/li>\n<\/ol>\n","protected":false},"excerpt":{"rendered":"Uppgifter: SD-ledamotens misst\u00e4nkta kokain hittades i \u201dliten handv\u00e4ska\u201d&nbsp;&nbsp;ETC.se Kritiken: \u201dLustigt att uttala sig utan insyn\u201d&nbsp;&nbsp;SvD \u00c5klagaren g\u00e5r emot&hellip;\n","protected":false},"author":2,"featured_media":134912,"comment_status":"","ping_status":"","sticky":false,"template":"","format":"standard","meta":{"footnotes":""},"categories":[12],"tags":[22,23,26,27,17,21,24,25,28,29,15,16,18,34,31,33,32,30,19,20],"class_list":{"0":"post-134911","1":"post","2":"type-post","3":"status-publish","4":"format-standard","5":"has-post-thumbnail","7":"category-sverige","8":"tag-breaking-news","9":"tag-breakingnews","10":"tag-featured-news","11":"tag-featurednews","12":"tag-headlines","13":"tag-huvudnyheter","14":"tag-latest-news","15":"tag-latestnews","16":"tag-main-news","17":"tag-mainnews","18":"tag-news","19":"tag-nyheter","20":"tag-rubriker","21":"tag-se","22":"tag-svenska","23":"tag-sverige","24":"tag-sweden","25":"tag-swedish","26":"tag-top-stories","27":"tag-topstories"},"share_on_mastodon":{"url":"https:\/\/pubeurope.com\/@se\/115890074642029603","error":""},"_links":{"self":[{"href":"https:\/\/www.europesays.com\/se\/wp-json\/wp\/v2\/posts\/134911","targetHints":{"allow":["GET"]}}],"collection":[{"href":"https:\/\/www.europesays.com\/se\/wp-json\/wp\/v2\/posts"}],"about":[{"href":"https:\/\/www.europesays.com\/se\/wp-json\/wp\/v2\/types\/post"}],"author":[{"embeddable":true,"href":"https:\/\/www.europesays.com\/se\/wp-json\/wp\/v2\/users\/2"}],"replies":[{"embeddable":true,"href":"https:\/\/www.europesays.com\/se\/wp-json\/wp\/v2\/comments?post=134911"}],"version-history":[{"count":0,"href":"https:\/\/www.europesays.com\/se\/wp-json\/wp\/v2\/posts\/134911\/revisions"}],"wp:featuredmedia":[{"embeddable":true,"href":"https:\/\/www.europesays.com\/se\/wp-json\/wp\/v2\/media\/134912"}],"wp:attachment":[{"href":"https:\/\/www.europesays.com\/se\/wp-json\/wp\/v2\/media?parent=134911"}],"wp:term":[{"taxonomy":"category","embeddable":true,"href":"https:\/\/www.europesays.com\/se\/wp-json\/wp\/v2\/categories?post=134911"},{"taxonomy":"post_tag","embeddable":true,"href":"https:\/\/www.europesays.com\/se\/wp-json\/wp\/v2\/tags?post=134911"}],"curies":[{"name":"wp","href":"https:\/\/api.w.org\/{rel}","templated":true}]}}