{"id":134913,"date":"2026-01-13T22:09:24","date_gmt":"2026-01-13T22:09:24","guid":{"rendered":"https:\/\/www.europesays.com\/se\/134913\/"},"modified":"2026-01-13T22:09:24","modified_gmt":"2026-01-13T22:09:24","slug":"clinton-och-clinton-vagrar-horas-i-epstein-rattegangen","status":"publish","type":"post","link":"https:\/\/www.europesays.com\/se\/134913\/","title":{"rendered":"Clinton och Clinton v\u00e4grar h\u00f6ras i Epstein-r\u00e4tteg\u00e5ngen"},"content":{"rendered":"<p>Ledam\u00f6ter i kongressens gransknings- och ansvarsutskott, oversight committee, genomf\u00f6r en r\u00e4tteg\u00e5ng i fallet kring miljard\u00e4ren och sexbrottslingen Jeffrey Epstein. Utskottets republikanska ordf\u00f6rande James Comer har har f\u00f6rs\u00f6kt pressa paret Clinton till att vittna sedan flera m\u00e5nader tillbaka.<\/p>\n<p>I ett nytt \u00e5tta sidor l\u00e5ngt brev till James Comer, som New York Times tagit del av, skriver Bill och Hillary Clinton att de v\u00e4grar att h\u00f6ras i Epstein-r\u00e4tteg\u00e5ngen.<\/p>\n","protected":false},"excerpt":{"rendered":"Ledam\u00f6ter i kongressens gransknings- och ansvarsutskott, oversight committee, genomf\u00f6r en r\u00e4tteg\u00e5ng i fallet kring miljard\u00e4ren och sexbrottslingen Jeffrey&hellip;\n","protected":false},"author":2,"featured_media":134914,"comment_status":"","ping_status":"","sticky":false,"template":"","format":"standard","meta":{"footnotes":""},"categories":[5],"tags":[22,23,26,27,17,21,24,25,28,29,15,16,18,34,31,33,32,30,19,20],"class_list":{"0":"post-134913","1":"post","2":"type-post","3":"status-publish","4":"format-standard","5":"has-post-thumbnail","7":"category-rubriker","8":"tag-breaking-news","9":"tag-breakingnews","10":"tag-featured-news","11":"tag-featurednews","12":"tag-headlines","13":"tag-huvudnyheter","14":"tag-latest-news","15":"tag-latestnews","16":"tag-main-news","17":"tag-mainnews","18":"tag-news","19":"tag-nyheter","20":"tag-rubriker","21":"tag-se","22":"tag-svenska","23":"tag-sverige","24":"tag-sweden","25":"tag-swedish","26":"tag-top-stories","27":"tag-topstories"},"share_on_mastodon":{"url":"https:\/\/pubeurope.com\/@se\/115890078533289922","error":""},"_links":{"self":[{"href":"https:\/\/www.europesays.com\/se\/wp-json\/wp\/v2\/posts\/134913","targetHints":{"allow":["GET"]}}],"collection":[{"href":"https:\/\/www.europesays.com\/se\/wp-json\/wp\/v2\/posts"}],"about":[{"href":"https:\/\/www.europesays.com\/se\/wp-json\/wp\/v2\/types\/post"}],"author":[{"embeddable":true,"href":"https:\/\/www.europesays.com\/se\/wp-json\/wp\/v2\/users\/2"}],"replies":[{"embeddable":true,"href":"https:\/\/www.europesays.com\/se\/wp-json\/wp\/v2\/comments?post=134913"}],"version-history":[{"count":0,"href":"https:\/\/www.europesays.com\/se\/wp-json\/wp\/v2\/posts\/134913\/revisions"}],"wp:featuredmedia":[{"embeddable":true,"href":"https:\/\/www.europesays.com\/se\/wp-json\/wp\/v2\/media\/134914"}],"wp:attachment":[{"href":"https:\/\/www.europesays.com\/se\/wp-json\/wp\/v2\/media?parent=134913"}],"wp:term":[{"taxonomy":"category","embeddable":true,"href":"https:\/\/www.europesays.com\/se\/wp-json\/wp\/v2\/categories?post=134913"},{"taxonomy":"post_tag","embeddable":true,"href":"https:\/\/www.europesays.com\/se\/wp-json\/wp\/v2\/tags?post=134913"}],"curies":[{"name":"wp","href":"https:\/\/api.w.org\/{rel}","templated":true}]}}